{"id":3532,"date":"2015-01-09T12:06:19","date_gmt":"2015-01-09T11:06:19","guid":{"rendered":"http:\/\/www.benarabi.org\/?p=3532"},"modified":"2015-01-09T12:10:05","modified_gmt":"2015-01-09T11:10:05","slug":"convocadas-pruebas-de-acceso-a-ciclos-formativos-de-grado-medio-y-superior-de-formacion-profesional-para-el-curso-2015-2016","status":"publish","type":"post","link":"https:\/\/www.benarabi.org\/?p=3532","title":{"rendered":"Convocadas Pruebas de Acceso a Ciclos Formativos de Grado Medio y Superior de Formaci\u00f3n Profesional para el curso 2015-2016"},"content":{"rendered":"<p style=\"text-align: justify;\"><em><a href=\"http:\/\/www.benarabi.org\/wp-content\/uploads\/2015\/01\/imagenCICLOSFORMATIVOSFP.jpg\"><img loading=\"lazy\" decoding=\"async\" class=\"alignleft wp-image-3535 size-full\" src=\"http:\/\/www.benarabi.org\/wp-content\/uploads\/2015\/01\/imagenCICLOSFORMATIVOSFP-e1420801769607.jpg\" alt=\"imagenCICLOSFORMATIVOSFP\" width=\"150\" height=\"162\" \/><\/a>La Consejer\u00eda<\/em><em> de Educaci\u00f3n, Cultura y Universidades de la Comunidad Aut\u00f3noma de Murcia, convoca las pruebas de acceso a los ciclos formativos de Grado Medio y Superior de Formaci\u00f3n Profesional para el curso 2015-2016, cuyo<\/em><em>\u00a0<strong>plazo de inscripci\u00f3n<\/strong>\u00a0<strong>se inicia el pr\u00f3ximo 14 de enero y permanecer\u00e1 abierto hasta el 2 de febrero.<\/strong><strong>\u00a0<\/strong><\/em>Las solicitudes de inscripci\u00f3n se realizan\u00a0a trav\u00e9s de Internet\u00a0(<span style=\"text-decoration: underline;\"><a href=\"https:\/\/apliedu.murciaeduca.es\/\">https:\/\/apliedu.murciaeduca.es<\/a><\/span><em>\u00a0<\/em><em>en el enlace \u201cTr\u00e1mites on-line\u201d).<\/em><\/p>\n<p style=\"text-align: justify;\"><em>\u00a0<\/em><!--more--><\/p>\n<p style=\"text-align: justify;\"><em>Estos ex\u00e1menes, fijados para el 30 de mayo, est\u00e1n dirigidos a todas aquellas personas que no re\u00fanen los requisitos acad\u00e9micos de acceso a la Formaci\u00f3n Profesional. En el caso de los ciclos de Grado Medio, la edad m\u00ednima para acceder a estas pruebas es de 17 a\u00f1os (cumplidos en el a\u00f1o 2015), mientras que para los ciclos de Grado Superior se requiere tener como m\u00ednimo 19 a\u00f1os (cumplidos en el a\u00f1o 2015), o 18 a\u00f1os en caso de que se est\u00e9 en posesi\u00f3n de un t\u00edtulo de t\u00e9cnico de Formaci\u00f3n Profesional o se vaya a obtener en este curso acad\u00e9mico.<\/em><\/p>\n<p style=\"text-align: justify;\">\n<p style=\"text-align: justify;\">Se adjunta los archivos relativos a la convocatoria, y puedes ampliar la informaci\u00f3n en el siguiente enlace (ex\u00e1menes de a\u00f1os anteriores, estructura de la prueba,\u2026):<\/p>\n<p style=\"text-align: justify;\">\n<p style=\"text-align: justify;\"><a href=\"http:\/\/www.carm.es\/web\/pagina?IDCONTENIDO=27281&amp;IDTIPO=100&amp;RASTRO=c77$m22725,22739,4048,17010\">http:\/\/www.carm.es\/web\/pagina?IDCONTENIDO=27281&amp;IDTIPO=100&amp;RASTRO=c77$m22725,22739,4048,17010<\/a><\/p>\n","protected":false},"excerpt":{"rendered":"<p>La Consejer\u00eda de Educaci\u00f3n, Cultura y Universidades de la Comunidad Aut\u00f3noma de Murcia, convoca las pruebas de acceso a los ciclos formativos de Grado Medio y Superior de Formaci\u00f3n Profesional para el curso 2015-2016, cuyo\u00a0plazo de inscripci\u00f3n\u00a0se inicia el pr\u00f3ximo 14 de enero y permanecer\u00e1 abierto hasta el 2 de febrero.\u00a0Las solicitudes de inscripci\u00f3n se [&hellip;]<\/p>\n","protected":false},"author":1,"featured_media":0,"comment_status":"closed","ping_status":"open","sticky":false,"template":"","format":"standard","meta":{"footnotes":""},"categories":[1],"tags":[],"class_list":["post-3532","post","type-post","status-publish","format-standard","hentry","category-sin-categoria"],"_links":{"self":[{"href":"https:\/\/www.benarabi.org\/index.php?rest_route=\/wp\/v2\/posts\/3532","targetHints":{"allow":["GET"]}}],"collection":[{"href":"https:\/\/www.benarabi.org\/index.php?rest_route=\/wp\/v2\/posts"}],"about":[{"href":"https:\/\/www.benarabi.org\/index.php?rest_route=\/wp\/v2\/types\/post"}],"author":[{"embeddable":true,"href":"https:\/\/www.benarabi.org\/index.php?rest_route=\/wp\/v2\/users\/1"}],"replies":[{"embeddable":true,"href":"https:\/\/www.benarabi.org\/index.php?rest_route=%2Fwp%2Fv2%2Fcomments&post=3532"}],"version-history":[{"count":3,"href":"https:\/\/www.benarabi.org\/index.php?rest_route=\/wp\/v2\/posts\/3532\/revisions"}],"predecessor-version":[{"id":3537,"href":"https:\/\/www.benarabi.org\/index.php?rest_route=\/wp\/v2\/posts\/3532\/revisions\/3537"}],"wp:attachment":[{"href":"https:\/\/www.benarabi.org\/index.php?rest_route=%2Fwp%2Fv2%2Fmedia&parent=3532"}],"wp:term":[{"taxonomy":"category","embeddable":true,"href":"https:\/\/www.benarabi.org\/index.php?rest_route=%2Fwp%2Fv2%2Fcategories&post=3532"},{"taxonomy":"post_tag","embeddable":true,"href":"https:\/\/www.benarabi.org\/index.php?rest_route=%2Fwp%2Fv2%2Ftags&post=3532"}],"curies":[{"name":"wp","href":"https:\/\/api.w.org\/{rel}","templated":true}]}}