{"id":3559,"date":"2015-01-18T21:58:55","date_gmt":"2015-01-18T20:58:55","guid":{"rendered":"http:\/\/www.benarabi.org\/?p=3559"},"modified":"2015-01-18T21:58:55","modified_gmt":"2015-01-18T20:58:55","slug":"charla-para-padres-escuela-de-padres-ampa","status":"publish","type":"post","link":"https:\/\/www.benarabi.org\/?p=3559","title":{"rendered":"Charla para padres: Escuela de Padres (AMPA)"},"content":{"rendered":"<p style=\"text-align: justify;\"><a href=\"http:\/\/www.benarabi.org\/wp-content\/uploads\/2015\/01\/Logo-AMPA.jpg\"><img loading=\"lazy\" decoding=\"async\" class=\"alignleft size-thumbnail wp-image-3556\" src=\"http:\/\/www.benarabi.org\/wp-content\/uploads\/2015\/01\/Logo-AMPA-150x150.jpg\" alt=\"Logo AMPA\" width=\"150\" height=\"150\" \/><\/a>El <strong>mi\u00e9rcoles<\/strong> <strong>21 de Enero a las 18:00 h<\/strong> tendr\u00e1 lugar en el IES. Ben Arab\u00ed una charla para padres con el tema:\u00a0<strong>\u00abLos padres frente a las nuevas tecnolog\u00edas, el tiempo libre y el uso de las mismas. C\u00f3mo poner l\u00edmites, detecci\u00f3n y prevenci\u00f3n del mal uso\u00bb<\/strong>, a cargo de D\u00aa Beatriz Mart\u00ednez\u00a0P\u00e9rez, Psic\u00f3loga y Coordinadora del Dep. Orientaci\u00f3n y Sociolog\u00eda en \u00abPARAELCUIDADO\u00bb.<\/p>\n<p style=\"text-align: justify;\">La conferencia est\u00e1 enmarcada dentro del Programa de ESCUELA DE PADRES que organiza el AMPA de nuestro Instituto.<\/p>\n<p style=\"text-align: justify;\">Si quieres conocer el Programa de la ESCUELA DE PADRES para el curso 2014-15,\u00a0<a href=\"http:\/\/www.benarabi.org\/wp-content\/uploads\/2015\/01\/CALENDARIO-ESCUELA-PADRES-AMPA14-15.pdf\">pincha aqu\u00ed.<\/a><\/p>\n","protected":false},"excerpt":{"rendered":"<p>El mi\u00e9rcoles 21 de Enero a las 18:00 h tendr\u00e1 lugar en el IES. Ben Arab\u00ed una charla para padres con el tema:\u00a0\u00abLos padres frente a las nuevas tecnolog\u00edas, el tiempo libre y el uso de las mismas. C\u00f3mo poner l\u00edmites, detecci\u00f3n y prevenci\u00f3n del mal uso\u00bb, a cargo de D\u00aa Beatriz Mart\u00ednez\u00a0P\u00e9rez, Psic\u00f3loga y [&hellip;]<\/p>\n","protected":false},"author":1,"featured_media":0,"comment_status":"closed","ping_status":"open","sticky":false,"template":"","format":"standard","meta":{"footnotes":""},"categories":[1],"tags":[],"class_list":["post-3559","post","type-post","status-publish","format-standard","hentry","category-sin-categoria"],"_links":{"self":[{"href":"https:\/\/www.benarabi.org\/index.php?rest_route=\/wp\/v2\/posts\/3559","targetHints":{"allow":["GET"]}}],"collection":[{"href":"https:\/\/www.benarabi.org\/index.php?rest_route=\/wp\/v2\/posts"}],"about":[{"href":"https:\/\/www.benarabi.org\/index.php?rest_route=\/wp\/v2\/types\/post"}],"author":[{"embeddable":true,"href":"https:\/\/www.benarabi.org\/index.php?rest_route=\/wp\/v2\/users\/1"}],"replies":[{"embeddable":true,"href":"https:\/\/www.benarabi.org\/index.php?rest_route=%2Fwp%2Fv2%2Fcomments&post=3559"}],"version-history":[{"count":1,"href":"https:\/\/www.benarabi.org\/index.php?rest_route=\/wp\/v2\/posts\/3559\/revisions"}],"predecessor-version":[{"id":3561,"href":"https:\/\/www.benarabi.org\/index.php?rest_route=\/wp\/v2\/posts\/3559\/revisions\/3561"}],"wp:attachment":[{"href":"https:\/\/www.benarabi.org\/index.php?rest_route=%2Fwp%2Fv2%2Fmedia&parent=3559"}],"wp:term":[{"taxonomy":"category","embeddable":true,"href":"https:\/\/www.benarabi.org\/index.php?rest_route=%2Fwp%2Fv2%2Fcategories&post=3559"},{"taxonomy":"post_tag","embeddable":true,"href":"https:\/\/www.benarabi.org\/index.php?rest_route=%2Fwp%2Fv2%2Ftags&post=3559"}],"curies":[{"name":"wp","href":"https:\/\/api.w.org\/{rel}","templated":true}]}}