{"id":3584,"date":"2015-01-26T11:22:23","date_gmt":"2015-01-26T10:22:23","guid":{"rendered":"http:\/\/www.benarabi.org\/?p=3584"},"modified":"2015-01-26T11:22:37","modified_gmt":"2015-01-26T10:22:37","slug":"charla-para-padres-alimentacion-y-salud","status":"publish","type":"post","link":"https:\/\/www.benarabi.org\/?p=3584","title":{"rendered":"Charla para padres: \u201cAlimentaci\u00f3n y Salud\u201d"},"content":{"rendered":"<p style=\"text-align: justify;\"><a href=\"http:\/\/www.benarabi.org\/wp-content\/uploads\/2015\/01\/Logo-AMPA.jpg\"><img loading=\"lazy\" decoding=\"async\" class=\"alignleft size-thumbnail wp-image-3556\" src=\"http:\/\/www.benarabi.org\/wp-content\/uploads\/2015\/01\/Logo-AMPA-150x150.jpg\" alt=\"Logo AMPA\" width=\"150\" height=\"150\" \/><\/a>El <strong>mi\u00e9rcoles<\/strong> <strong>28 de Enero a las 18:00 h<\/strong> tendr\u00e1 lugar en el IES. Ben Arab\u00ed una charla dirigida a padres y profesores con el tema:\u00a0<strong>\u00abAlimentaci\u00f3n y Salud\u201d<\/strong>, a cargo de D\u00aa <strong>Rosa Guti\u00e9rrez Aranda<\/strong>, profesora de Biolog\u00eda y Geolog\u00eda de nuestro Instituto. \u00a0El objeto de la charla es que los padres ense\u00f1en a sus hijos a adoptar h\u00e1bitos de alimentaci\u00f3n saluble y conozcan entre otros en qu\u00e9 consiste una dieta equilibrada y la dieta mediterr\u00e1nea.<\/p>\n<p style=\"text-align: justify;\">La conferencia est\u00e1 enmarcada dentro del Programa de ESCUELA DE PADRES que organiza el AMPA de nuestro Instituto y del Programa de Educaci\u00f3n para la Salud.<\/p>\n<p style=\"text-align: justify;\">Si quieres ver el contenido de la charla, <a href=\"http:\/\/www.benarabi.org\/wp-content\/uploads\/2015\/01\/CHARLA-ALIMENTACI\u00c3\u201cN-Y-SALUD-3.pdf\">pincha aqu\u00ed<\/a>.<\/p>\n","protected":false},"excerpt":{"rendered":"<p>El mi\u00e9rcoles 28 de Enero a las 18:00 h tendr\u00e1 lugar en el IES. Ben Arab\u00ed una charla dirigida a padres y profesores con el tema:\u00a0\u00abAlimentaci\u00f3n y Salud\u201d, a cargo de D\u00aa Rosa Guti\u00e9rrez Aranda, profesora de Biolog\u00eda y Geolog\u00eda de nuestro Instituto. \u00a0El objeto de la charla es que los padres ense\u00f1en a sus [&hellip;]<\/p>\n","protected":false},"author":1,"featured_media":0,"comment_status":"closed","ping_status":"open","sticky":false,"template":"","format":"standard","meta":{"footnotes":""},"categories":[1],"tags":[],"class_list":["post-3584","post","type-post","status-publish","format-standard","hentry","category-sin-categoria"],"_links":{"self":[{"href":"https:\/\/www.benarabi.org\/index.php?rest_route=\/wp\/v2\/posts\/3584","targetHints":{"allow":["GET"]}}],"collection":[{"href":"https:\/\/www.benarabi.org\/index.php?rest_route=\/wp\/v2\/posts"}],"about":[{"href":"https:\/\/www.benarabi.org\/index.php?rest_route=\/wp\/v2\/types\/post"}],"author":[{"embeddable":true,"href":"https:\/\/www.benarabi.org\/index.php?rest_route=\/wp\/v2\/users\/1"}],"replies":[{"embeddable":true,"href":"https:\/\/www.benarabi.org\/index.php?rest_route=%2Fwp%2Fv2%2Fcomments&post=3584"}],"version-history":[{"count":2,"href":"https:\/\/www.benarabi.org\/index.php?rest_route=\/wp\/v2\/posts\/3584\/revisions"}],"predecessor-version":[{"id":3587,"href":"https:\/\/www.benarabi.org\/index.php?rest_route=\/wp\/v2\/posts\/3584\/revisions\/3587"}],"wp:attachment":[{"href":"https:\/\/www.benarabi.org\/index.php?rest_route=%2Fwp%2Fv2%2Fmedia&parent=3584"}],"wp:term":[{"taxonomy":"category","embeddable":true,"href":"https:\/\/www.benarabi.org\/index.php?rest_route=%2Fwp%2Fv2%2Fcategories&post=3584"},{"taxonomy":"post_tag","embeddable":true,"href":"https:\/\/www.benarabi.org\/index.php?rest_route=%2Fwp%2Fv2%2Ftags&post=3584"}],"curies":[{"name":"wp","href":"https:\/\/api.w.org\/{rel}","templated":true}]}}