{"id":3592,"date":"2015-02-01T21:41:50","date_gmt":"2015-02-01T20:41:50","guid":{"rendered":"http:\/\/www.benarabi.org\/?p=3592"},"modified":"2015-02-01T21:42:43","modified_gmt":"2015-02-01T20:42:43","slug":"el-xii-premio-jacinto-alcaraz-mellado-del-ies-ben-arabi-recae-en-canvi","status":"publish","type":"post","link":"https:\/\/www.benarabi.org\/?p=3592","title":{"rendered":"El XII Premio Jacinto Alcaraz Mellado del IES Ben Arab\u00ed recae en CANVI"},"content":{"rendered":"<p style=\"text-align: justify;\"><a href=\"http:\/\/www.benarabi.org\/wp-content\/uploads\/2015\/02\/entrega-XVII-premio.jpg\"><img loading=\"lazy\" decoding=\"async\" class=\"alignleft wp-image-3593 size-full\" src=\"http:\/\/www.benarabi.org\/wp-content\/uploads\/2015\/02\/entrega-XVII-premio-e1422823226655.jpg\" alt=\"entrega XVII premio\" width=\"150\" height=\"113\" \/><\/a>El premio\u00a0<strong>Jacinto Alcaraz Mellado<\/strong>, a la solidaridad, la tolerancia y la convivencia que otorga, desde hace 17 a\u00f1os, el IES Ben Arab\u00ed, ha reca\u00eddo este a\u00f1o en la Asociaci\u00f3n CANVI-Cartagena, formada por personas afectadas de c\u00e1ncer y sus familiares que, sin \u00e1nimo de lucro, pretende formar un grupo de apoyo y ayuda a todas las personas afectadas por la problem\u00e1tica del c\u00e1ncer, fomentando el intercambio de experiencias, la realizaci\u00f3n de actividades y procurando recursos para hacer frente a la enfermedad.<\/p>\n<p style=\"text-align: justify;\">El acto de entrega estuvo presidido por el Director del Centro, D. Manuel D\u00edaz Segura, y cont\u00f3 con la presencia de la Directora General de Calidad, Innovaci\u00f3n y Atenci\u00f3n a la Diversidad, D\u00aa. M\u00aa Bego\u00f1a Iniesta Moreno, que felicit\u00f3 y elogi\u00f3 por su labor a la Asociaci\u00f3n ganadora del premio, as\u00ed como al Instituto Ben Arab\u00ed, por mantener el galard\u00f3n durante tantos a\u00f1os, haciendo part\u00edcipes a todos los sectores de la comunidad educativa en la elecci\u00f3n del ganador.<!--more--><\/p>\n<p style=\"text-align: justify;\">En representaci\u00f3n de la Concejal delegada de Educaci\u00f3n del Ayuntamiento de Cartagena, D\u00aa. Josefa Maroto G\u00f3mez, que no pudo asistir al acto, intervino el Concejal D. Antonio Calder\u00f3n Rodr\u00edguez, del \u00c1rea de Atenci\u00f3n Social y Juventud, quien destac\u00f3 la actualidad y urgencia del fomento de los valores \u2013solidaridad, tolerancia y convivencia- que inspiran al premio. Por su parte, D. Jos\u00e9 Andr\u00e9s Mart\u00ednez Madrid, Presidente del AMPA del IES Ben Arab\u00ed, habl\u00f3 de la importancia educativa del legado de Jacinto Alcaraz, recogido en los valores que lo encarnan.<\/p>\n<p style=\"text-align: justify;\">En este punto, D\u00aa. Angustias Arcas, viuda de Jacinto Alcaraz, hizo entrega del premio al Presidente de la Asociaci\u00f3n CANVI-Cartagena, D. Blas Gonz\u00e1lez Gonz\u00e1lez que, tras agradecer el galard\u00f3n, expuso y profundiz\u00f3 en las ideas principales que sustentan a la Asociaci\u00f3n, as\u00ed como en las herramientas que le permiten hacer llegar estas ideas a las personas afectadas por la enfermedad. Este a\u00f1o, una\u00a0 vez m\u00e1s, estuvieron presentes los familiares de Jacinto Alcaraz, que fue profesor del IES Ben Arab\u00ed.<\/p>\n<p style=\"text-align: justify;\">El acto comenz\u00f3, y se clausur\u00f3, con la intervenci\u00f3n de alumnos del Ben Arab\u00ed, y del Conservatorio, que interpretaron diversas piezas musicales.<\/p>\n<div id='gallery-1' class='gallery galleryid-3592 gallery-columns-2 gallery-size-thumbnail'><figure class='gallery-item'>\n\t\t\t<div class='gallery-icon landscape'>\n\t\t\t\t<a href='https:\/\/www.benarabi.org\/?attachment_id=3594'><img loading=\"lazy\" decoding=\"async\" width=\"141\" height=\"141\" src=\"https:\/\/www.benarabi.org\/wp-content\/uploads\/2015\/02\/P1040131-150x150.jpg\" class=\"attachment-thumbnail size-thumbnail\" alt=\"\" \/><\/a>\n\t\t\t<\/div><\/figure><figure class='gallery-item'>\n\t\t\t<div class='gallery-icon landscape'>\n\t\t\t\t<a href='https:\/\/www.benarabi.org\/?attachment_id=3595'><img loading=\"lazy\" decoding=\"async\" width=\"141\" height=\"141\" src=\"https:\/\/www.benarabi.org\/wp-content\/uploads\/2015\/02\/P1040141-150x150.jpg\" class=\"attachment-thumbnail size-thumbnail\" alt=\"\" \/><\/a>\n\t\t\t<\/div><\/figure><figure class='gallery-item'>\n\t\t\t<div class='gallery-icon landscape'>\n\t\t\t\t<a href='https:\/\/www.benarabi.org\/?attachment_id=3596'><img loading=\"lazy\" decoding=\"async\" width=\"141\" height=\"141\" src=\"https:\/\/www.benarabi.org\/wp-content\/uploads\/2015\/02\/P1040161-150x150.jpg\" class=\"attachment-thumbnail size-thumbnail\" alt=\"\" \/><\/a>\n\t\t\t<\/div><\/figure><figure class='gallery-item'>\n\t\t\t<div class='gallery-icon landscape'>\n\t\t\t\t<a href='https:\/\/www.benarabi.org\/?attachment_id=3597'><img loading=\"lazy\" decoding=\"async\" width=\"141\" height=\"141\" src=\"https:\/\/www.benarabi.org\/wp-content\/uploads\/2015\/02\/P1040147-150x150.jpg\" class=\"attachment-thumbnail size-thumbnail\" alt=\"\" \/><\/a>\n\t\t\t<\/div><\/figure>\n\t\t<\/div>\n\n","protected":false},"excerpt":{"rendered":"<p>El premio\u00a0Jacinto Alcaraz Mellado, a la solidaridad, la tolerancia y la convivencia que otorga, desde hace 17 a\u00f1os, el IES Ben Arab\u00ed, ha reca\u00eddo este a\u00f1o en la Asociaci\u00f3n CANVI-Cartagena, formada por personas afectadas de c\u00e1ncer y sus familiares que, sin \u00e1nimo de lucro, pretende formar un grupo de apoyo y ayuda a todas las [&hellip;]<\/p>\n","protected":false},"author":1,"featured_media":0,"comment_status":"closed","ping_status":"open","sticky":false,"template":"","format":"standard","meta":{"footnotes":""},"categories":[1],"tags":[],"class_list":["post-3592","post","type-post","status-publish","format-standard","hentry","category-sin-categoria"],"_links":{"self":[{"href":"https:\/\/www.benarabi.org\/index.php?rest_route=\/wp\/v2\/posts\/3592","targetHints":{"allow":["GET"]}}],"collection":[{"href":"https:\/\/www.benarabi.org\/index.php?rest_route=\/wp\/v2\/posts"}],"about":[{"href":"https:\/\/www.benarabi.org\/index.php?rest_route=\/wp\/v2\/types\/post"}],"author":[{"embeddable":true,"href":"https:\/\/www.benarabi.org\/index.php?rest_route=\/wp\/v2\/users\/1"}],"replies":[{"embeddable":true,"href":"https:\/\/www.benarabi.org\/index.php?rest_route=%2Fwp%2Fv2%2Fcomments&post=3592"}],"version-history":[{"count":2,"href":"https:\/\/www.benarabi.org\/index.php?rest_route=\/wp\/v2\/posts\/3592\/revisions"}],"predecessor-version":[{"id":3599,"href":"https:\/\/www.benarabi.org\/index.php?rest_route=\/wp\/v2\/posts\/3592\/revisions\/3599"}],"wp:attachment":[{"href":"https:\/\/www.benarabi.org\/index.php?rest_route=%2Fwp%2Fv2%2Fmedia&parent=3592"}],"wp:term":[{"taxonomy":"category","embeddable":true,"href":"https:\/\/www.benarabi.org\/index.php?rest_route=%2Fwp%2Fv2%2Fcategories&post=3592"},{"taxonomy":"post_tag","embeddable":true,"href":"https:\/\/www.benarabi.org\/index.php?rest_route=%2Fwp%2Fv2%2Ftags&post=3592"}],"curies":[{"name":"wp","href":"https:\/\/api.w.org\/{rel}","templated":true}]}}