{"id":3610,"date":"2015-02-06T10:29:30","date_gmt":"2015-02-06T09:29:30","guid":{"rendered":"http:\/\/www.benarabi.org\/?p=3610"},"modified":"2015-02-06T10:30:15","modified_gmt":"2015-02-06T09:30:15","slug":"iv-semana-cultural-y-dia-del-centro","status":"publish","type":"post","link":"https:\/\/www.benarabi.org\/?p=3610","title":{"rendered":"IV Semana Cultural y D\u00eda del Centro"},"content":{"rendered":"<p style=\"text-align: justify;\"><a href=\"http:\/\/www.benarabi.org\/wp-content\/uploads\/2015\/02\/IMGpercepcion.jpg\"><img loading=\"lazy\" decoding=\"async\" class=\"alignleft size-thumbnail wp-image-3615\" src=\"http:\/\/www.benarabi.org\/wp-content\/uploads\/2015\/02\/IMGpercepcion-150x150.jpg\" alt=\"IMGpercepcion\" width=\"150\" height=\"150\" \/><\/a>Del 26 al 30 de enero, ha tenido lugar la IV Semana Cultural de nuestro instituto, que este a\u00f1o ha llevado por t\u00edtulo: \u201cLa Percepci\u00f3n y la Memoria\u201d.<\/p>\n<p style=\"text-align: justify;\">Durante estos d\u00edas, el objetivo fundamental ha sido que nuestros alumnos conozcan y trabajen, a trav\u00e9s de las distintas \u00e1reas del curr\u00edculo, los conceptos de memoria y percepci\u00f3n.<\/p>\n<p style=\"text-align: justify;\">El jueves 29 de enero, coincidiendo con la Semana Cultural, se celebr\u00f3 el D\u00eda del Centro, en el que se realizaron una gran cantidad de actividades dirigidas a toda la comunidad educativa.<\/p>\n<p style=\"text-align: justify;\">Si quieres conocer las diferentes actividades, programadas por los departamentos,\u00a0<a href=\"http:\/\/www.benarabi.org\/wp-content\/uploads\/2015\/02\/SEMANA-CULTURAL14-15-programa.pdf\">pincha aqu\u00ed.<\/a><\/p>\n<p style=\"text-align: justify;\"><!--more--><\/p>\n<div id='gallery-1' class='gallery galleryid-3610 gallery-columns-3 gallery-size-thumbnail'><figure class='gallery-item'>\n\t\t\t<div class='gallery-icon landscape'>\n\t\t\t\t<a href='https:\/\/www.benarabi.org\/?attachment_id=3612'><img loading=\"lazy\" decoding=\"async\" width=\"141\" height=\"141\" src=\"https:\/\/www.benarabi.org\/wp-content\/uploads\/2015\/02\/IMG_20150129_110610-150x150.jpg\" class=\"attachment-thumbnail size-thumbnail\" alt=\"\" \/><\/a>\n\t\t\t<\/div><\/figure><figure class='gallery-item'>\n\t\t\t<div class='gallery-icon portrait'>\n\t\t\t\t<a href='https:\/\/www.benarabi.org\/?attachment_id=3613'><img loading=\"lazy\" decoding=\"async\" width=\"141\" height=\"141\" src=\"https:\/\/www.benarabi.org\/wp-content\/uploads\/2015\/02\/IMG_20150126_123546-150x150.jpg\" class=\"attachment-thumbnail size-thumbnail\" alt=\"\" \/><\/a>\n\t\t\t<\/div><\/figure><figure class='gallery-item'>\n\t\t\t<div class='gallery-icon landscape'>\n\t\t\t\t<a href='https:\/\/www.benarabi.org\/?attachment_id=3614'><img loading=\"lazy\" decoding=\"async\" width=\"141\" height=\"141\" src=\"https:\/\/www.benarabi.org\/wp-content\/uploads\/2015\/02\/IMG_20150127_132638-150x150.jpg\" class=\"attachment-thumbnail size-thumbnail\" alt=\"\" \/><\/a>\n\t\t\t<\/div><\/figure><figure class='gallery-item'>\n\t\t\t<div class='gallery-icon landscape'>\n\t\t\t\t<a href='https:\/\/www.benarabi.org\/?attachment_id=3615'><img loading=\"lazy\" decoding=\"async\" width=\"141\" height=\"141\" src=\"https:\/\/www.benarabi.org\/wp-content\/uploads\/2015\/02\/IMGpercepcion-150x150.jpg\" class=\"attachment-thumbnail size-thumbnail\" alt=\"\" \/><\/a>\n\t\t\t<\/div><\/figure><figure class='gallery-item'>\n\t\t\t<div class='gallery-icon landscape'>\n\t\t\t\t<a href='https:\/\/www.benarabi.org\/?attachment_id=3616'><img loading=\"lazy\" decoding=\"async\" width=\"141\" height=\"141\" src=\"https:\/\/www.benarabi.org\/wp-content\/uploads\/2015\/02\/IMG_20150206_094952-150x150.jpg\" class=\"attachment-thumbnail size-thumbnail\" alt=\"\" \/><\/a>\n\t\t\t<\/div><\/figure><figure class='gallery-item'>\n\t\t\t<div class='gallery-icon landscape'>\n\t\t\t\t<a href='https:\/\/www.benarabi.org\/?attachment_id=3617'><img loading=\"lazy\" decoding=\"async\" width=\"141\" height=\"141\" src=\"https:\/\/www.benarabi.org\/wp-content\/uploads\/2015\/02\/IMG_20150206_094853-150x150.jpg\" class=\"attachment-thumbnail size-thumbnail\" alt=\"\" \/><\/a>\n\t\t\t<\/div><\/figure><figure class='gallery-item'>\n\t\t\t<div class='gallery-icon landscape'>\n\t\t\t\t<a href='https:\/\/www.benarabi.org\/?attachment_id=3618'><img loading=\"lazy\" decoding=\"async\" width=\"141\" height=\"141\" src=\"https:\/\/www.benarabi.org\/wp-content\/uploads\/2015\/02\/IMG_20150206_094920-150x150.jpg\" class=\"attachment-thumbnail size-thumbnail\" alt=\"\" \/><\/a>\n\t\t\t<\/div><\/figure><figure class='gallery-item'>\n\t\t\t<div class='gallery-icon landscape'>\n\t\t\t\t<a href='https:\/\/www.benarabi.org\/?attachment_id=3619'><img loading=\"lazy\" decoding=\"async\" width=\"141\" height=\"141\" src=\"https:\/\/www.benarabi.org\/wp-content\/uploads\/2015\/02\/IMG_20150206_095010-150x150.jpg\" class=\"attachment-thumbnail size-thumbnail\" alt=\"\" \/><\/a>\n\t\t\t<\/div><\/figure>\n\t\t<\/div>\n\n","protected":false},"excerpt":{"rendered":"<p>Del 26 al 30 de enero, ha tenido lugar la IV Semana Cultural de nuestro instituto, que este a\u00f1o ha llevado por t\u00edtulo: \u201cLa Percepci\u00f3n y la Memoria\u201d. Durante estos d\u00edas, el objetivo fundamental ha sido que nuestros alumnos conozcan y trabajen, a trav\u00e9s de las distintas \u00e1reas del curr\u00edculo, los conceptos de memoria y [&hellip;]<\/p>\n","protected":false},"author":1,"featured_media":0,"comment_status":"closed","ping_status":"open","sticky":false,"template":"","format":"standard","meta":{"footnotes":""},"categories":[1],"tags":[],"class_list":["post-3610","post","type-post","status-publish","format-standard","hentry","category-sin-categoria"],"_links":{"self":[{"href":"https:\/\/www.benarabi.org\/index.php?rest_route=\/wp\/v2\/posts\/3610","targetHints":{"allow":["GET"]}}],"collection":[{"href":"https:\/\/www.benarabi.org\/index.php?rest_route=\/wp\/v2\/posts"}],"about":[{"href":"https:\/\/www.benarabi.org\/index.php?rest_route=\/wp\/v2\/types\/post"}],"author":[{"embeddable":true,"href":"https:\/\/www.benarabi.org\/index.php?rest_route=\/wp\/v2\/users\/1"}],"replies":[{"embeddable":true,"href":"https:\/\/www.benarabi.org\/index.php?rest_route=%2Fwp%2Fv2%2Fcomments&post=3610"}],"version-history":[{"count":2,"href":"https:\/\/www.benarabi.org\/index.php?rest_route=\/wp\/v2\/posts\/3610\/revisions"}],"predecessor-version":[{"id":3621,"href":"https:\/\/www.benarabi.org\/index.php?rest_route=\/wp\/v2\/posts\/3610\/revisions\/3621"}],"wp:attachment":[{"href":"https:\/\/www.benarabi.org\/index.php?rest_route=%2Fwp%2Fv2%2Fmedia&parent=3610"}],"wp:term":[{"taxonomy":"category","embeddable":true,"href":"https:\/\/www.benarabi.org\/index.php?rest_route=%2Fwp%2Fv2%2Fcategories&post=3610"},{"taxonomy":"post_tag","embeddable":true,"href":"https:\/\/www.benarabi.org\/index.php?rest_route=%2Fwp%2Fv2%2Ftags&post=3610"}],"curies":[{"name":"wp","href":"https:\/\/api.w.org\/{rel}","templated":true}]}}