{"id":3623,"date":"2015-02-09T18:41:48","date_gmt":"2015-02-09T17:41:48","guid":{"rendered":"http:\/\/www.benarabi.org\/?p=3623"},"modified":"2015-02-09T18:41:48","modified_gmt":"2015-02-09T17:41:48","slug":"charla-escuela-de-padres-prevencion-y-deteccion-precoz-de-los-trastornos-de-conducta-alimentaria","status":"publish","type":"post","link":"https:\/\/www.benarabi.org\/?p=3623","title":{"rendered":"Charla Escuela de Padres: \u00abPrevenci\u00f3n y detecci\u00f3n precoz de los trastornos de conducta alimentaria\u00bb"},"content":{"rendered":"<p style=\"text-align: justify;\"><a href=\"http:\/\/www.benarabi.org\/wp-content\/uploads\/2015\/02\/imagentrastornosalimentarios.jpg\"><img loading=\"lazy\" decoding=\"async\" class=\"alignleft wp-image-3624 size-full\" src=\"http:\/\/www.benarabi.org\/wp-content\/uploads\/2015\/02\/imagentrastornosalimentarios-e1423503649398.jpg\" alt=\"imagentrastornosalimentarios\" width=\"150\" height=\"54\" \/><\/a>El\u00a0<strong>mi\u00e9rcoles<\/strong>\u00a0<strong>11<\/strong>\u00a0<strong>de Febrero de 2015 a las 18:00 h<\/strong>\u00a0tendr\u00e1 lugar en el IES. Ben Arab\u00ed una charla dirigida a padres y profesores con el tema:\u00a0<strong>\u00abPrevenci\u00f3n y detecci\u00f3n precoz de los trastornos de conducta alimentaria\u00bb<\/strong>, a cargo de D.\u00a0<strong>Jos\u00e9 Ram\u00f3n C\u00e1novas Corbal\u00e1n<\/strong>, enfermero del Equipo de Atenci\u00f3n Primaria del Centro de Salud de Barrio Peral.<\/p>\n<p style=\"text-align: justify;\">Entre los objetivos de la charla se encuentran: informar sobre h\u00e1bitos saludables para la prevenci\u00f3n de los TCA y dotar a los padres de conocimientos que les ayuden a detectar y realizar un diagn\u00f3stico precoz.<\/p>\n<p style=\"text-align: justify;\">La conferencia est\u00e1 enmarcada dentro del\u00a0Programa de ESCUELA DE PADRES que organiza el AMPA de nuestro Instituto y del Programa de Educaci\u00f3n para la Salud.<\/p>\n<p>Si quieres ver la informaci\u00f3n completa,\u00a0<a href=\"http:\/\/www.benarabi.org\/wp-content\/uploads\/2015\/02\/TRASTORNOS-DE-LA-CONDUCTA-ALIMENTARIA-1.pdf\">pincha aqu\u00ed<\/a>.<\/p>\n","protected":false},"excerpt":{"rendered":"<p>El\u00a0mi\u00e9rcoles\u00a011\u00a0de Febrero de 2015 a las 18:00 h\u00a0tendr\u00e1 lugar en el IES. Ben Arab\u00ed una charla dirigida a padres y profesores con el tema:\u00a0\u00abPrevenci\u00f3n y detecci\u00f3n precoz de los trastornos de conducta alimentaria\u00bb, a cargo de D.\u00a0Jos\u00e9 Ram\u00f3n C\u00e1novas Corbal\u00e1n, enfermero del Equipo de Atenci\u00f3n Primaria del Centro de Salud de Barrio Peral. Entre los [&hellip;]<\/p>\n","protected":false},"author":1,"featured_media":0,"comment_status":"closed","ping_status":"open","sticky":false,"template":"","format":"standard","meta":{"footnotes":""},"categories":[1],"tags":[],"class_list":["post-3623","post","type-post","status-publish","format-standard","hentry","category-sin-categoria"],"_links":{"self":[{"href":"https:\/\/www.benarabi.org\/index.php?rest_route=\/wp\/v2\/posts\/3623","targetHints":{"allow":["GET"]}}],"collection":[{"href":"https:\/\/www.benarabi.org\/index.php?rest_route=\/wp\/v2\/posts"}],"about":[{"href":"https:\/\/www.benarabi.org\/index.php?rest_route=\/wp\/v2\/types\/post"}],"author":[{"embeddable":true,"href":"https:\/\/www.benarabi.org\/index.php?rest_route=\/wp\/v2\/users\/1"}],"replies":[{"embeddable":true,"href":"https:\/\/www.benarabi.org\/index.php?rest_route=%2Fwp%2Fv2%2Fcomments&post=3623"}],"version-history":[{"count":1,"href":"https:\/\/www.benarabi.org\/index.php?rest_route=\/wp\/v2\/posts\/3623\/revisions"}],"predecessor-version":[{"id":3626,"href":"https:\/\/www.benarabi.org\/index.php?rest_route=\/wp\/v2\/posts\/3623\/revisions\/3626"}],"wp:attachment":[{"href":"https:\/\/www.benarabi.org\/index.php?rest_route=%2Fwp%2Fv2%2Fmedia&parent=3623"}],"wp:term":[{"taxonomy":"category","embeddable":true,"href":"https:\/\/www.benarabi.org\/index.php?rest_route=%2Fwp%2Fv2%2Fcategories&post=3623"},{"taxonomy":"post_tag","embeddable":true,"href":"https:\/\/www.benarabi.org\/index.php?rest_route=%2Fwp%2Fv2%2Ftags&post=3623"}],"curies":[{"name":"wp","href":"https:\/\/api.w.org\/{rel}","templated":true}]}}