{"id":3659,"date":"2015-02-19T10:38:06","date_gmt":"2015-02-19T09:38:06","guid":{"rendered":"http:\/\/www.benarabi.org\/?p=3659"},"modified":"2015-02-19T10:39:10","modified_gmt":"2015-02-19T09:39:10","slug":"listado-provisional-de-admitidos-y-excluidos-a-pruebas-acceso-ciclo-grado-superior","status":"publish","type":"post","link":"https:\/\/www.benarabi.org\/?p=3659","title":{"rendered":"Listado provisional de admitidos y excluidos a Pruebas Acceso Ciclo Grado Superior"},"content":{"rendered":"<p style=\"text-align: justify;\"><a href=\"http:\/\/www.benarabi.org\/wp-content\/uploads\/2015\/01\/imagenCICLOSFORMATIVOSFP-e1420801769607.jpg\"><img loading=\"lazy\" decoding=\"async\" class=\"alignleft wp-image-3535 size-full\" src=\"http:\/\/www.benarabi.org\/wp-content\/uploads\/2015\/01\/imagenCICLOSFORMATIVOSFP-e1420801769607.jpg\" alt=\"imagenCICLOSFORMATIVOSFP\" width=\"150\" height=\"162\" \/><\/a>Ha salido publicado el listado provisional de <strong>admitidos<\/strong> de los aspirantes inscritos en las Pruebas de Acceso a Ciclos Formativos de Grado Superior, as\u00ed como el centro examinador asignado.<\/p>\n<p style=\"text-align: justify;\">Tambi\u00e9n ha salido publicado el listado de solicitantes excluidos y las causas de exclusi\u00f3n.<\/p>\n<p style=\"text-align: justify;\">El plazo de reclamaci\u00f3n: 19 y 20 de febrero de 2015.<\/p>\n<p style=\"text-align: justify;\">Si te interesa la relaci\u00f3n de aspirantes <strong>admitidos<\/strong>,\u00a0<a href=\"http:\/\/www.carm.es\/web\/integra.servlets.Blob?ARCHIVO=GS%20Prov%20Admitidos.pdf&amp;TABLA=ARCHIVOS&amp;CAMPOCLAVE=IDARCHIVO&amp;VALORCLAVE=110495&amp;CAMPOIMAGEN=ARCHIVO&amp;IDTIPO=60&amp;RASTRO=null\">pincha aqu\u00ed<\/a>.<\/p>\n<p style=\"text-align: justify;\">Si te interesa la relaci\u00f3n de solicitantes <strong>excluidos<\/strong>,\u00a0<a href=\"http:\/\/www.benarabi.org\/wp-content\/uploads\/2015\/02\/Listado-provisional-excluidos.pdf\">pincha aqu\u00ed<\/a>.<\/p>\n","protected":false},"excerpt":{"rendered":"<p>Ha salido publicado el listado provisional de admitidos de los aspirantes inscritos en las Pruebas de Acceso a Ciclos Formativos de Grado Superior, as\u00ed como el centro examinador asignado. Tambi\u00e9n ha salido publicado el listado de solicitantes excluidos y las causas de exclusi\u00f3n. El plazo de reclamaci\u00f3n: 19 y 20 de febrero de 2015. Si [&hellip;]<\/p>\n","protected":false},"author":1,"featured_media":0,"comment_status":"closed","ping_status":"open","sticky":false,"template":"","format":"standard","meta":{"footnotes":""},"categories":[1],"tags":[],"class_list":["post-3659","post","type-post","status-publish","format-standard","hentry","category-sin-categoria"],"_links":{"self":[{"href":"https:\/\/www.benarabi.org\/index.php?rest_route=\/wp\/v2\/posts\/3659","targetHints":{"allow":["GET"]}}],"collection":[{"href":"https:\/\/www.benarabi.org\/index.php?rest_route=\/wp\/v2\/posts"}],"about":[{"href":"https:\/\/www.benarabi.org\/index.php?rest_route=\/wp\/v2\/types\/post"}],"author":[{"embeddable":true,"href":"https:\/\/www.benarabi.org\/index.php?rest_route=\/wp\/v2\/users\/1"}],"replies":[{"embeddable":true,"href":"https:\/\/www.benarabi.org\/index.php?rest_route=%2Fwp%2Fv2%2Fcomments&post=3659"}],"version-history":[{"count":3,"href":"https:\/\/www.benarabi.org\/index.php?rest_route=\/wp\/v2\/posts\/3659\/revisions"}],"predecessor-version":[{"id":3663,"href":"https:\/\/www.benarabi.org\/index.php?rest_route=\/wp\/v2\/posts\/3659\/revisions\/3663"}],"wp:attachment":[{"href":"https:\/\/www.benarabi.org\/index.php?rest_route=%2Fwp%2Fv2%2Fmedia&parent=3659"}],"wp:term":[{"taxonomy":"category","embeddable":true,"href":"https:\/\/www.benarabi.org\/index.php?rest_route=%2Fwp%2Fv2%2Fcategories&post=3659"},{"taxonomy":"post_tag","embeddable":true,"href":"https:\/\/www.benarabi.org\/index.php?rest_route=%2Fwp%2Fv2%2Ftags&post=3659"}],"curies":[{"name":"wp","href":"https:\/\/api.w.org\/{rel}","templated":true}]}}