{"id":3688,"date":"2015-03-02T17:38:23","date_gmt":"2015-03-02T16:38:23","guid":{"rendered":"http:\/\/www.benarabi.org\/?p=3688"},"modified":"2015-03-02T17:38:23","modified_gmt":"2015-03-02T16:38:23","slug":"charla-escuela-de-padres-motivacion-consumo-y-prevencion-de-adicciones-y-de-sustancias-toxicas-alcohol-y-drogas","status":"publish","type":"post","link":"https:\/\/www.benarabi.org\/?p=3688","title":{"rendered":"Charla Escuela de Padres: \u00abMotivaci\u00f3n, consumo y prevenci\u00f3n de adicciones y de sustancias t\u00f3xicas, alcohol y drogas\u00bb\u00a0"},"content":{"rendered":"<p style=\"text-align: justify;\"><a href=\"http:\/\/www.benarabi.org\/wp-content\/uploads\/2015\/03\/PREVENCION-ADICCIONES.jpg\"><img loading=\"lazy\" decoding=\"async\" class=\"alignleft wp-image-3689 size-full\" src=\"http:\/\/www.benarabi.org\/wp-content\/uploads\/2015\/03\/PREVENCION-ADICCIONES-e1425314293149.jpg\" alt=\"PREVENCION ADICCIONES\" width=\"150\" height=\"77\" \/><\/a>El\u00a0mi\u00e9rcoles\u00a04\u00a0de Marzo de 2015 a las 18:00 h\u00a0tendr\u00e1 lugar en el IES. Ben Arab\u00ed una charla dirigida a padres y profesores con el tema:\u00a0\u00abMotivaci\u00f3n, consumo y prevenci\u00f3n de adicciones y de sustancias t\u00f3xicas, alcohol y drogas\u00bb,\u00a0a cargo de D\u00aa.\u00a0Beatriz \u00a0Mart\u00ednez P\u00e9rez,\u00a0psic\u00f3loga y Coordinadora del Dpto. Orientaci\u00f3n y Sociolog\u00eda en \u00abPARAELCUIDADO\u00bb.<\/p>\n<p style=\"text-align: justify;\">La conferencia est\u00e1 enmarcada dentro del\u00a0Programa de ESCUELA DE PADRES que organiza el AMPA de nuestro Instituto.<\/p>\n","protected":false},"excerpt":{"rendered":"<p>El\u00a0mi\u00e9rcoles\u00a04\u00a0de Marzo de 2015 a las 18:00 h\u00a0tendr\u00e1 lugar en el IES. Ben Arab\u00ed una charla dirigida a padres y profesores con el tema:\u00a0\u00abMotivaci\u00f3n, consumo y prevenci\u00f3n de adicciones y de sustancias t\u00f3xicas, alcohol y drogas\u00bb,\u00a0a cargo de D\u00aa.\u00a0Beatriz \u00a0Mart\u00ednez P\u00e9rez,\u00a0psic\u00f3loga y Coordinadora del Dpto. Orientaci\u00f3n y Sociolog\u00eda en \u00abPARAELCUIDADO\u00bb. La conferencia est\u00e1 enmarcada dentro [&hellip;]<\/p>\n","protected":false},"author":1,"featured_media":0,"comment_status":"closed","ping_status":"open","sticky":false,"template":"","format":"standard","meta":{"footnotes":""},"categories":[1],"tags":[],"class_list":["post-3688","post","type-post","status-publish","format-standard","hentry","category-sin-categoria"],"_links":{"self":[{"href":"https:\/\/www.benarabi.org\/index.php?rest_route=\/wp\/v2\/posts\/3688","targetHints":{"allow":["GET"]}}],"collection":[{"href":"https:\/\/www.benarabi.org\/index.php?rest_route=\/wp\/v2\/posts"}],"about":[{"href":"https:\/\/www.benarabi.org\/index.php?rest_route=\/wp\/v2\/types\/post"}],"author":[{"embeddable":true,"href":"https:\/\/www.benarabi.org\/index.php?rest_route=\/wp\/v2\/users\/1"}],"replies":[{"embeddable":true,"href":"https:\/\/www.benarabi.org\/index.php?rest_route=%2Fwp%2Fv2%2Fcomments&post=3688"}],"version-history":[{"count":1,"href":"https:\/\/www.benarabi.org\/index.php?rest_route=\/wp\/v2\/posts\/3688\/revisions"}],"predecessor-version":[{"id":3690,"href":"https:\/\/www.benarabi.org\/index.php?rest_route=\/wp\/v2\/posts\/3688\/revisions\/3690"}],"wp:attachment":[{"href":"https:\/\/www.benarabi.org\/index.php?rest_route=%2Fwp%2Fv2%2Fmedia&parent=3688"}],"wp:term":[{"taxonomy":"category","embeddable":true,"href":"https:\/\/www.benarabi.org\/index.php?rest_route=%2Fwp%2Fv2%2Fcategories&post=3688"},{"taxonomy":"post_tag","embeddable":true,"href":"https:\/\/www.benarabi.org\/index.php?rest_route=%2Fwp%2Fv2%2Ftags&post=3688"}],"curies":[{"name":"wp","href":"https:\/\/api.w.org\/{rel}","templated":true}]}}