{"id":3691,"date":"2015-03-02T17:43:35","date_gmt":"2015-03-02T16:43:35","guid":{"rendered":"http:\/\/www.benarabi.org\/?p=3691"},"modified":"2015-03-02T17:44:23","modified_gmt":"2015-03-02T16:44:23","slug":"exposicion-interactiva-14-18","status":"publish","type":"post","link":"https:\/\/www.benarabi.org\/?p=3691","title":{"rendered":"Exposici\u00f3n interactiva \u201c14-18 \u201c"},"content":{"rendered":"<p style=\"text-align: justify;\"><a href=\"http:\/\/www.benarabi.org\/wp-content\/uploads\/2015\/03\/imagen-14-18.png\"><img loading=\"lazy\" decoding=\"async\" class=\"alignleft size-thumbnail wp-image-3692\" src=\"http:\/\/www.benarabi.org\/wp-content\/uploads\/2015\/03\/imagen-14-18-150x150.png\" alt=\"imagen 14 18\" width=\"150\" height=\"150\" \/><\/a>Desde el 24 de febrero y hasta el 13 de marzo, hay instalada en la Biblioteca de nuestro Centro, una exposici\u00f3n interactiva sobre la Primera Guerra Mundial, con ocasi\u00f3n de su centenario, organizada por el Institut Fran\u00e7ais. El objetivo de la exposici\u00f3n es profundizar los acontecimientos que marcaron la guerra y poner de relieve la dimensi\u00f3n internacional del conflicto. Siguiendo un desarrollo cronol\u00f3gico, la exposici\u00f3n permite expresar las vivencias de cada continente. As\u00ed se nota la diversidad de las l\u00f3gicas de implicaci\u00f3n de los frentes y las percepciones distintas del conflicto seg\u00fan los pa\u00edses.<\/p>\n<p style=\"text-align: justify;\">Esta iniciativa va a permitir a los alumnos de Bachibac conocer de primera mano aspectos relativos a este conflicto en franc\u00e9s. Adem\u00e1s, es una actividad abierta a cualquier miembro de la comunidad educativa y puede accederse a ella igualmente en castellano.<!--more--><\/p>\n<p style=\"text-align: justify;\">La Alianza Francesa de Cartagena pone a disposici\u00f3n de los establecimientos escolares una exposici\u00f3n interactiva en franc\u00e9s titulada \u00ab 14 18 \u00bb.<\/p>\n<p style=\"text-align: justify;\">La exposici\u00f3n est\u00e1 coproducida en colaboraci\u00f3n con l\u00b4AEFE(Agencia para la ense\u00f1anza del Franc\u00e9s en el Extranjero), la Mission du Centenaire y el INA(Instituto nacional del Audiovisual).<\/p>\n<p style=\"text-align: justify;\">Combinando soporte f\u00edsico y contenidos digitales, el dispositivo se compone de 13 paneles (90x70cm) salpicados de c\u00f3digos QR. Activando cada uno de estos c\u00f3digos (a trav\u00e9s de una aplicaci\u00f3n espec\u00edfica, descargable de modo gratuito desde App Store o Google Play), el visitante puede acceder desde su smartphone o su tableta a textos y a una amplia selecci\u00f3n de archivos comentados, im\u00e1genes, documentos sonoros, v\u00eddeos u objetos 3D.<\/p>\n<p style=\"text-align: justify;\">La aplicaci\u00f3n \u201c IF 14-18 \u201d est\u00e1 disponible en franc\u00e9s y en espa\u00f1ol.<\/p>\n","protected":false},"excerpt":{"rendered":"<p>Desde el 24 de febrero y hasta el 13 de marzo, hay instalada en la Biblioteca de nuestro Centro, una exposici\u00f3n interactiva sobre la Primera Guerra Mundial, con ocasi\u00f3n de su centenario, organizada por el Institut Fran\u00e7ais. El objetivo de la exposici\u00f3n es profundizar los acontecimientos que marcaron la guerra y poner de relieve la [&hellip;]<\/p>\n","protected":false},"author":1,"featured_media":0,"comment_status":"closed","ping_status":"open","sticky":false,"template":"","format":"standard","meta":{"footnotes":""},"categories":[1],"tags":[],"class_list":["post-3691","post","type-post","status-publish","format-standard","hentry","category-sin-categoria"],"_links":{"self":[{"href":"https:\/\/www.benarabi.org\/index.php?rest_route=\/wp\/v2\/posts\/3691","targetHints":{"allow":["GET"]}}],"collection":[{"href":"https:\/\/www.benarabi.org\/index.php?rest_route=\/wp\/v2\/posts"}],"about":[{"href":"https:\/\/www.benarabi.org\/index.php?rest_route=\/wp\/v2\/types\/post"}],"author":[{"embeddable":true,"href":"https:\/\/www.benarabi.org\/index.php?rest_route=\/wp\/v2\/users\/1"}],"replies":[{"embeddable":true,"href":"https:\/\/www.benarabi.org\/index.php?rest_route=%2Fwp%2Fv2%2Fcomments&post=3691"}],"version-history":[{"count":2,"href":"https:\/\/www.benarabi.org\/index.php?rest_route=\/wp\/v2\/posts\/3691\/revisions"}],"predecessor-version":[{"id":3694,"href":"https:\/\/www.benarabi.org\/index.php?rest_route=\/wp\/v2\/posts\/3691\/revisions\/3694"}],"wp:attachment":[{"href":"https:\/\/www.benarabi.org\/index.php?rest_route=%2Fwp%2Fv2%2Fmedia&parent=3691"}],"wp:term":[{"taxonomy":"category","embeddable":true,"href":"https:\/\/www.benarabi.org\/index.php?rest_route=%2Fwp%2Fv2%2Fcategories&post=3691"},{"taxonomy":"post_tag","embeddable":true,"href":"https:\/\/www.benarabi.org\/index.php?rest_route=%2Fwp%2Fv2%2Ftags&post=3691"}],"curies":[{"name":"wp","href":"https:\/\/api.w.org\/{rel}","templated":true}]}}