{"id":3716,"date":"2015-03-10T13:58:20","date_gmt":"2015-03-10T12:58:20","guid":{"rendered":"http:\/\/www.benarabi.org\/?p=3716"},"modified":"2015-03-10T13:58:20","modified_gmt":"2015-03-10T12:58:20","slug":"visita-a-la-asamblea-regional","status":"publish","type":"post","link":"https:\/\/www.benarabi.org\/?p=3716","title":{"rendered":"Visita a la Asamblea Regional"},"content":{"rendered":"<p align=\"JUSTIFY\"><a href=\"http:\/\/www.benarabi.org\/wp-content\/uploads\/2015\/03\/1425642871145-1.jpg\"><img loading=\"lazy\" decoding=\"async\" class=\"alignleft wp-image-3719 size-full\" src=\"http:\/\/www.benarabi.org\/wp-content\/uploads\/2015\/03\/1425642871145-1-e1425992291751.jpg\" alt=\"1425642871145 (1)\" width=\"150\" height=\"113\" \/><\/a>Los alumnos de 4\u00ba ESO C y D, acompa\u00f1ados de los profesores Antonio Garc\u00eda Calatayud y Francisco Jos\u00e9 Franco Fern\u00e1ndez, fueron representando al aula \u201cMiguel Hern\u00e1ndez\u201d de nuestro Centro, invitados por Francisco Jos\u00e9 Franco, Comisario de la exposici\u00f3n. Nuestros alumnos fueron calificados en su discurso por el presidente de la Asamblea Regional como representantes de los alumnos de secundaria de nuestra Regi\u00f3n.<\/p>\n<p align=\"JUSTIFY\"><span style=\"font-family: 'Times New Roman', serif;\"><span style=\"font-size: medium;\">Dicha visita est\u00e1 inclu\u00edda dentro de los actos del XX Aniversario de la Fundaci\u00f3n \u201cCentro de Estudios Hist\u00f3ricos\u201d.<\/span><\/span><!--more--><\/p>\n<div id='gallery-1' class='gallery galleryid-3716 gallery-columns-3 gallery-size-thumbnail'><figure class='gallery-item'>\n\t\t\t<div class='gallery-icon landscape'>\n\t\t\t\t<a href='https:\/\/www.benarabi.org\/?attachment_id=3717'><img loading=\"lazy\" decoding=\"async\" width=\"141\" height=\"141\" src=\"https:\/\/www.benarabi.org\/wp-content\/uploads\/2015\/03\/1425644178983-1-150x150.jpg\" class=\"attachment-thumbnail size-thumbnail\" alt=\"\" \/><\/a>\n\t\t\t<\/div><\/figure><figure class='gallery-item'>\n\t\t\t<div class='gallery-icon landscape'>\n\t\t\t\t<a href='https:\/\/www.benarabi.org\/?attachment_id=3718'><img loading=\"lazy\" decoding=\"async\" width=\"141\" height=\"141\" src=\"https:\/\/www.benarabi.org\/wp-content\/uploads\/2015\/03\/1425644129067-1-150x150.jpg\" class=\"attachment-thumbnail size-thumbnail\" alt=\"\" \/><\/a>\n\t\t\t<\/div><\/figure><figure class='gallery-item'>\n\t\t\t<div class='gallery-icon landscape'>\n\t\t\t\t<a href='https:\/\/www.benarabi.org\/?attachment_id=3719'><img loading=\"lazy\" decoding=\"async\" width=\"141\" height=\"141\" src=\"https:\/\/www.benarabi.org\/wp-content\/uploads\/2015\/03\/1425642871145-1-150x150.jpg\" class=\"attachment-thumbnail size-thumbnail\" alt=\"\" \/><\/a>\n\t\t\t<\/div><\/figure>\n\t\t<\/div>\n\n","protected":false},"excerpt":{"rendered":"<p>Los alumnos de 4\u00ba ESO C y D, acompa\u00f1ados de los profesores Antonio Garc\u00eda Calatayud y Francisco Jos\u00e9 Franco Fern\u00e1ndez, fueron representando al aula \u201cMiguel Hern\u00e1ndez\u201d de nuestro Centro, invitados por Francisco Jos\u00e9 Franco, Comisario de la exposici\u00f3n. Nuestros alumnos fueron calificados en su discurso por el presidente de la Asamblea Regional como representantes de [&hellip;]<\/p>\n","protected":false},"author":1,"featured_media":0,"comment_status":"closed","ping_status":"open","sticky":false,"template":"","format":"standard","meta":{"footnotes":""},"categories":[1],"tags":[],"class_list":["post-3716","post","type-post","status-publish","format-standard","hentry","category-sin-categoria"],"_links":{"self":[{"href":"https:\/\/www.benarabi.org\/index.php?rest_route=\/wp\/v2\/posts\/3716","targetHints":{"allow":["GET"]}}],"collection":[{"href":"https:\/\/www.benarabi.org\/index.php?rest_route=\/wp\/v2\/posts"}],"about":[{"href":"https:\/\/www.benarabi.org\/index.php?rest_route=\/wp\/v2\/types\/post"}],"author":[{"embeddable":true,"href":"https:\/\/www.benarabi.org\/index.php?rest_route=\/wp\/v2\/users\/1"}],"replies":[{"embeddable":true,"href":"https:\/\/www.benarabi.org\/index.php?rest_route=%2Fwp%2Fv2%2Fcomments&post=3716"}],"version-history":[{"count":1,"href":"https:\/\/www.benarabi.org\/index.php?rest_route=\/wp\/v2\/posts\/3716\/revisions"}],"predecessor-version":[{"id":3720,"href":"https:\/\/www.benarabi.org\/index.php?rest_route=\/wp\/v2\/posts\/3716\/revisions\/3720"}],"wp:attachment":[{"href":"https:\/\/www.benarabi.org\/index.php?rest_route=%2Fwp%2Fv2%2Fmedia&parent=3716"}],"wp:term":[{"taxonomy":"category","embeddable":true,"href":"https:\/\/www.benarabi.org\/index.php?rest_route=%2Fwp%2Fv2%2Fcategories&post=3716"},{"taxonomy":"post_tag","embeddable":true,"href":"https:\/\/www.benarabi.org\/index.php?rest_route=%2Fwp%2Fv2%2Ftags&post=3716"}],"curies":[{"name":"wp","href":"https:\/\/api.w.org\/{rel}","templated":true}]}}