{"id":3738,"date":"2015-04-14T10:36:54","date_gmt":"2015-04-14T08:36:54","guid":{"rendered":"http:\/\/www.benarabi.org\/?p=3738"},"modified":"2015-04-14T10:36:54","modified_gmt":"2015-04-14T08:36:54","slug":"iv-semana-de-la-musica-y-la-danza","status":"publish","type":"post","link":"https:\/\/www.benarabi.org\/?p=3738","title":{"rendered":"IV Semana de la M\u00fasica y la Danza\u00a0\u00a0\u00a0\u00a0"},"content":{"rendered":"<p style=\"text-align: justify;\"><a href=\"http:\/\/www.benarabi.org\/wp-content\/uploads\/2015\/04\/cartel-IV-semana-musica-danza.jpg\"><img loading=\"lazy\" decoding=\"async\" class=\"alignleft wp-image-3740 size-full\" src=\"http:\/\/www.benarabi.org\/wp-content\/uploads\/2015\/04\/cartel-IV-semana-musica-danza-e1429000596785.jpg\" alt=\"cartel IV semana musica danza\" width=\"150\" height=\"206\" \/><\/a>Del 13 al 17 de Abril tendr\u00e1 lugar, en el IES Ben Arab\u00ed,\u00a0 la <strong>IV Semana<\/strong><strong> de la M\u00fasica y la Danza:<\/strong> <em>\u00abBen M\u00fasica y Danza Ben\u00bb<\/em>. Durante el tiempo de recreo se celebrar\u00e1n en el hall del Centro diversas actividades. Los alumnos de 2\u00ba curso de Bachillerato Musical, as\u00ed como los de ESO, acogidos al Programa de Horarios Integrados, llevar\u00e1n a cabo diversas actuaciones musicales. Asimismo, los alumnos del Bachillerato de Artes Esc\u00e9nicas participar\u00e1n con actuaciones de baile moderno.<\/p>\n<p style=\"text-align: justify;\">Otras actuaciones para esta semana tem\u00e1tica se desarrollar\u00e1n en el Auditorio del Conservatorio Profesional de M\u00fasica de Cartagena. Entre ellas, se escenificar\u00e1 el espect\u00e1culo \u00abLuces y sombras\u00bb,\u00a0 a cargo del grupo de 1\u00ba de Bachillerato de Artes Esc\u00e9nicas y tambi\u00e9n tendr\u00e1 lugar un concierto de percusi\u00f3n, a cargo de UMTP Drums.<\/p>\n<p style=\"text-align: justify;\">Toda esta larga lista de actividades, que se ofrece a toda la comunidad educativa, ha sido organizada por el Departamento de M\u00fasica, s\u00ed como el de Educaci\u00f3n F\u00edsica y el de Actividades Complementarias y Extraescolares, con la colaboraci\u00f3n del Conservatorio Profesional de m\u00fasica de Cartagena.<\/p>\n<p style=\"text-align: justify;\">\u00a0Si te interesa el Programa de actividades,\u00a0<a href=\"http:\/\/www.benarabi.org\/wp-content\/uploads\/2015\/04\/programa-de-mano.pdf\">pincha aqu\u00ed.<\/a><\/p>\n","protected":false},"excerpt":{"rendered":"<p>Del 13 al 17 de Abril tendr\u00e1 lugar, en el IES Ben Arab\u00ed,\u00a0 la IV Semana de la M\u00fasica y la Danza: \u00abBen M\u00fasica y Danza Ben\u00bb. Durante el tiempo de recreo se celebrar\u00e1n en el hall del Centro diversas actividades. Los alumnos de 2\u00ba curso de Bachillerato Musical, as\u00ed como los de ESO, acogidos [&hellip;]<\/p>\n","protected":false},"author":1,"featured_media":0,"comment_status":"closed","ping_status":"open","sticky":false,"template":"","format":"standard","meta":{"footnotes":""},"categories":[1],"tags":[],"class_list":["post-3738","post","type-post","status-publish","format-standard","hentry","category-sin-categoria"],"_links":{"self":[{"href":"https:\/\/www.benarabi.org\/index.php?rest_route=\/wp\/v2\/posts\/3738","targetHints":{"allow":["GET"]}}],"collection":[{"href":"https:\/\/www.benarabi.org\/index.php?rest_route=\/wp\/v2\/posts"}],"about":[{"href":"https:\/\/www.benarabi.org\/index.php?rest_route=\/wp\/v2\/types\/post"}],"author":[{"embeddable":true,"href":"https:\/\/www.benarabi.org\/index.php?rest_route=\/wp\/v2\/users\/1"}],"replies":[{"embeddable":true,"href":"https:\/\/www.benarabi.org\/index.php?rest_route=%2Fwp%2Fv2%2Fcomments&post=3738"}],"version-history":[{"count":1,"href":"https:\/\/www.benarabi.org\/index.php?rest_route=\/wp\/v2\/posts\/3738\/revisions"}],"predecessor-version":[{"id":3741,"href":"https:\/\/www.benarabi.org\/index.php?rest_route=\/wp\/v2\/posts\/3738\/revisions\/3741"}],"wp:attachment":[{"href":"https:\/\/www.benarabi.org\/index.php?rest_route=%2Fwp%2Fv2%2Fmedia&parent=3738"}],"wp:term":[{"taxonomy":"category","embeddable":true,"href":"https:\/\/www.benarabi.org\/index.php?rest_route=%2Fwp%2Fv2%2Fcategories&post=3738"},{"taxonomy":"post_tag","embeddable":true,"href":"https:\/\/www.benarabi.org\/index.php?rest_route=%2Fwp%2Fv2%2Ftags&post=3738"}],"curies":[{"name":"wp","href":"https:\/\/api.w.org\/{rel}","templated":true}]}}