{"id":3756,"date":"2015-04-20T19:57:36","date_gmt":"2015-04-20T17:57:36","guid":{"rendered":"http:\/\/www.benarabi.org\/?p=3756"},"modified":"2015-04-20T19:58:37","modified_gmt":"2015-04-20T17:58:37","slug":"visita-a-caravaca-de-la-cruz-y-calasparra","status":"publish","type":"post","link":"https:\/\/www.benarabi.org\/?p=3756","title":{"rendered":"Visita a Caravaca de la Cruz y Calasparra"},"content":{"rendered":"<p style=\"text-align: justify;\"><a href=\"http:\/\/www.benarabi.org\/wp-content\/uploads\/2015\/04\/caravaca1.jpg\"><img loading=\"lazy\" decoding=\"async\" class=\"alignleft wp-image-3758 size-full\" src=\"http:\/\/www.benarabi.org\/wp-content\/uploads\/2015\/04\/caravaca1-e1429552703205.jpg\" alt=\"SONY DSC\" width=\"150\" height=\"84\" \/><\/a>El pasado mi\u00e9rcoles 8 de abril, los alumn@s de 2\u00ba ESO que cursan la materia de Religi\u00f3n, disfrutaron de una salida extraescolar a Caravaca de la Cruz y Calasparra para profundizar en los objetivos de la materia sobre el conocimiento de las distintas tradiciones religiosas y culturales de nuestra regi\u00f3n. Hacemos un breve recorrido sobre lo visitado.<\/p>\n<p style=\"text-align: justify;\"><!--more--><\/p>\n<p style=\"text-align: justify;\">\u00a0<strong>Museo de la Santa Vera Cruz.<\/strong><\/p>\n<p style=\"text-align: justify;\">Nos acercaremos hasta el lugar m\u00e1s emblem\u00e1tico de Caravaca de la Cruz, la Bas\u00edlica \u2013 Santuario, ya que aqu\u00ed se encuentra la patrona de la ciudad, la\u00a0<em>Sant\u00edsima\u00a0y Vera Cruz<\/em>.<\/p>\n<p style=\"text-align: justify;\">Es en el interior de este recinto amurallado donde fue construida\u00a0 la Bas\u00edlica en el siglo XVII, sobre la antigua fortaleza de origen isl\u00e1mico, a\u00f1adi\u00e9ndose, en el siglo siguiente la impresionante fachada barroca del Templo, construida con m\u00e1rmoles de la zona. Deb\u00e9is saber que en 1944 fue declarado Bien de Inter\u00e9s Cultural. En su interior podemos encontrar la\u00a0<strong><em>Capilla\u00a0de la Cruz<\/em><\/strong>, la\u00a0<em>Capilla\u00a0de la Aparici\u00f3n, la de los Conjuros\u00a0<\/em>y<em>\u00a0<\/em><em>el Mirador de la Reina. Anexo a la Bas\u00edlica se encuentra el\u00a0<strong>Museo de la Vera Cruz<\/strong>\u00a0donde en diversas salas se muestra la historia de la Sagrada Reliquia<\/em>, a trav\u00e9s de colecciones de Pintura, Orfebrer\u00eda y Arte Sacro. En la explanada podemos visitar una antigua mazmorra y uno de los aljibes. \u00a0La cruz de Caravaca es un \u00abLignum Crucis\u00bb, es decir, un trozo de madera perteneciente al le\u00f1o donde fue crucificado Cristo, conservado en un relicario en forma de cruz de doble travesa\u00f1o. Esta cruz, desde anta\u00f1o, ha sido reconocida por la iglesia cat\u00f3lica como \u00abVera Cruz\u00bb (verdadera cruz), otorg\u00e1ndosele bulas e indulgencias a los peregrinos que iban a adorarla. Asimismo la iglesia le concedi\u00f3 en 1794 el culto de Latria (equivalente al que recibe el Sant\u00edsimo Sacramento).<\/p>\n<p style=\"text-align: justify;\"><strong>Santuario de la Virgen de la Esperanza.<\/strong><\/p>\n<p style=\"text-align: justify;\">Los primeros datos escritos del Santuario de la Virgen de la Esperanza datan del siglo XVII, si bien existen fundamentos para pensar que la Virgen se venera desde mucho antes. Cuenta la leyenda que un pastor que guardaba su ganado en esas cuevas, excavadas sin duda por las aguas del r\u00edo encontr\u00f3 la imagen de la Virgen \u00abLa Peque\u00f1ica\u00bb, seguramente olvidada por alg\u00fan caballero cristiano. El pastor comunic\u00f3 su valioso hallazgo a las autoridades eclesi\u00e1sticas y civiles de Calasparra que con los habitantes del pueblo vinieron alborozadas y quisieron llevarse la imagen para ser venerada por el pueblo. Dice la leyenda, que la Virgen se hizo tan pesada para su tama\u00f1o, que todos comprendieron que era aqu\u00ed donde deseaba ser venerada. Decidieron, por tanto, acondicionarla. El por qu\u00e9 y cu\u00e1ndo se le ados\u00f3 a la virgen de la Esperanza (la grande) la \u00abpeque\u00f1ica\u00bb (la aparecida) no se sabe con exactitud. Si conocemos que el a\u00f1o 1.786 ya se veneraban juntas y que en 1.840, fue nombrada la Virgen de la Esperanza Patrona de Calasparra.<\/p>\n<p style=\"text-align: justify;\"><strong>Cueva del Puerto<\/strong><\/p>\n<p style=\"text-align: justify;\">La Cueva del Puerto es una de las cuevas de mayor recorrido horizontal de la Regi\u00f3n de Murcia, con cerca de 5 Km. topografiados y un desnivel de 114 metros de profundidad. La geolog\u00eda del interior est\u00e1 compuesta por galer\u00edas y salas de gran belleza natural. Est\u00e1 constituida por materiales del cret\u00e1cico Superior en los cuales se distinguen un complejo dolom\u00edtico basal y una formaci\u00f3n caliza superior propia de un ambiente marino. En el periodo Terciario o Cenozoico se produjeron los plegamientos alpinos, que dieron lugar a las principales cadenas monta\u00f1osas del planeta y que produjeron las cordilleras b\u00e9ticas y con ellas la Sierra del Puerto. Este itinerario tiene un recorrido de unos 700 m. iluminados y ambientados ac\u00fasticamente con un desnivel de 25-30 metros de profundidad, en los que se pueden observar diferentes salas y galer\u00edas, formadas por distintos espeleotemas, formaciones espectaculares de estalactitas y estalagmitas con gran diversidad de colores, tubiformes a lo largo de toda la cueva al igual que grandes salas de formaciones k\u00e1rsticas.<\/p>\n<p style=\"text-align: justify;\"><strong>Para saber m\u00e1s:\u00a0 <\/strong><\/p>\n<p style=\"text-align: justify;\"><a href=\"http:\/\/www.lacruzdecaravaca.es\/\">http:\/\/www.lacruzdecaravaca.es\/<\/a><\/p>\n<p style=\"text-align: justify;\"><a href=\"http:\/\/www.santuariovirgenesperanza.com\/\">http:\/\/www.santuariovirgenesperanza.com\/<\/a><\/p>\n<p style=\"text-align: justify;\"><a href=\"http:\/\/cuevadelpuerto.com\/\">http:\/\/cuevadelpuerto.com\/<\/a><\/p>\n<p>&nbsp;<\/p>\n<div id='gallery-1' class='gallery galleryid-3756 gallery-columns-3 gallery-size-thumbnail'><figure class='gallery-item'>\n\t\t\t<div class='gallery-icon portrait'>\n\t\t\t\t<a href='https:\/\/www.benarabi.org\/?attachment_id=3757'><img loading=\"lazy\" decoding=\"async\" width=\"141\" height=\"141\" src=\"https:\/\/www.benarabi.org\/wp-content\/uploads\/2015\/04\/caravaca3-150x150.jpg\" class=\"attachment-thumbnail size-thumbnail\" alt=\"\" \/><\/a>\n\t\t\t<\/div><\/figure><figure class='gallery-item'>\n\t\t\t<div class='gallery-icon landscape'>\n\t\t\t\t<a href='https:\/\/www.benarabi.org\/?attachment_id=3758'><img loading=\"lazy\" decoding=\"async\" width=\"141\" height=\"141\" src=\"https:\/\/www.benarabi.org\/wp-content\/uploads\/2015\/04\/caravaca1-150x150.jpg\" class=\"attachment-thumbnail size-thumbnail\" alt=\"\" \/><\/a>\n\t\t\t<\/div><\/figure><figure class='gallery-item'>\n\t\t\t<div class='gallery-icon landscape'>\n\t\t\t\t<a href='https:\/\/www.benarabi.org\/?attachment_id=3759'><img loading=\"lazy\" decoding=\"async\" width=\"141\" height=\"141\" src=\"https:\/\/www.benarabi.org\/wp-content\/uploads\/2015\/04\/caravaca2-150x150.jpg\" class=\"attachment-thumbnail size-thumbnail\" alt=\"\" \/><\/a>\n\t\t\t<\/div><\/figure><figure class='gallery-item'>\n\t\t\t<div class='gallery-icon landscape'>\n\t\t\t\t<a href='https:\/\/www.benarabi.org\/?attachment_id=3760'><img loading=\"lazy\" decoding=\"async\" width=\"141\" height=\"141\" src=\"https:\/\/www.benarabi.org\/wp-content\/uploads\/2015\/04\/caravaca5-150x150.jpg\" class=\"attachment-thumbnail size-thumbnail\" alt=\"\" \/><\/a>\n\t\t\t<\/div><\/figure><figure class='gallery-item'>\n\t\t\t<div class='gallery-icon landscape'>\n\t\t\t\t<a href='https:\/\/www.benarabi.org\/?attachment_id=3761'><img loading=\"lazy\" decoding=\"async\" width=\"141\" height=\"141\" src=\"https:\/\/www.benarabi.org\/wp-content\/uploads\/2015\/04\/caravaca6-1-150x150.jpg\" class=\"attachment-thumbnail size-thumbnail\" alt=\"\" \/><\/a>\n\t\t\t<\/div><\/figure><figure class='gallery-item'>\n\t\t\t<div class='gallery-icon landscape'>\n\t\t\t\t<a href='https:\/\/www.benarabi.org\/?attachment_id=3762'><img loading=\"lazy\" decoding=\"async\" width=\"141\" height=\"141\" src=\"https:\/\/www.benarabi.org\/wp-content\/uploads\/2015\/04\/caravaca4-1-150x150.jpg\" class=\"attachment-thumbnail size-thumbnail\" alt=\"\" \/><\/a>\n\t\t\t<\/div><\/figure><figure class='gallery-item'>\n\t\t\t<div class='gallery-icon landscape'>\n\t\t\t\t<a href='https:\/\/www.benarabi.org\/?attachment_id=3763'><img loading=\"lazy\" decoding=\"async\" width=\"141\" height=\"141\" src=\"https:\/\/www.benarabi.org\/wp-content\/uploads\/2015\/04\/caravaca8-150x150.jpg\" class=\"attachment-thumbnail size-thumbnail\" alt=\"\" \/><\/a>\n\t\t\t<\/div><\/figure><figure class='gallery-item'>\n\t\t\t<div class='gallery-icon landscape'>\n\t\t\t\t<a href='https:\/\/www.benarabi.org\/?attachment_id=3765'><img loading=\"lazy\" decoding=\"async\" width=\"141\" height=\"141\" src=\"https:\/\/www.benarabi.org\/wp-content\/uploads\/2015\/04\/caravaca10-150x150.jpg\" class=\"attachment-thumbnail size-thumbnail\" alt=\"\" \/><\/a>\n\t\t\t<\/div><\/figure>\n\t\t<\/div>\n\n","protected":false},"excerpt":{"rendered":"<p>El pasado mi\u00e9rcoles 8 de abril, los alumn@s de 2\u00ba ESO que cursan la materia de Religi\u00f3n, disfrutaron de una salida extraescolar a Caravaca de la Cruz y Calasparra para profundizar en los objetivos de la materia sobre el conocimiento de las distintas tradiciones religiosas y culturales de nuestra regi\u00f3n. Hacemos un breve recorrido sobre [&hellip;]<\/p>\n","protected":false},"author":1,"featured_media":0,"comment_status":"closed","ping_status":"open","sticky":false,"template":"","format":"standard","meta":{"footnotes":""},"categories":[1],"tags":[],"class_list":["post-3756","post","type-post","status-publish","format-standard","hentry","category-sin-categoria"],"_links":{"self":[{"href":"https:\/\/www.benarabi.org\/index.php?rest_route=\/wp\/v2\/posts\/3756","targetHints":{"allow":["GET"]}}],"collection":[{"href":"https:\/\/www.benarabi.org\/index.php?rest_route=\/wp\/v2\/posts"}],"about":[{"href":"https:\/\/www.benarabi.org\/index.php?rest_route=\/wp\/v2\/types\/post"}],"author":[{"embeddable":true,"href":"https:\/\/www.benarabi.org\/index.php?rest_route=\/wp\/v2\/users\/1"}],"replies":[{"embeddable":true,"href":"https:\/\/www.benarabi.org\/index.php?rest_route=%2Fwp%2Fv2%2Fcomments&post=3756"}],"version-history":[{"count":2,"href":"https:\/\/www.benarabi.org\/index.php?rest_route=\/wp\/v2\/posts\/3756\/revisions"}],"predecessor-version":[{"id":3767,"href":"https:\/\/www.benarabi.org\/index.php?rest_route=\/wp\/v2\/posts\/3756\/revisions\/3767"}],"wp:attachment":[{"href":"https:\/\/www.benarabi.org\/index.php?rest_route=%2Fwp%2Fv2%2Fmedia&parent=3756"}],"wp:term":[{"taxonomy":"category","embeddable":true,"href":"https:\/\/www.benarabi.org\/index.php?rest_route=%2Fwp%2Fv2%2Fcategories&post=3756"},{"taxonomy":"post_tag","embeddable":true,"href":"https:\/\/www.benarabi.org\/index.php?rest_route=%2Fwp%2Fv2%2Ftags&post=3756"}],"curies":[{"name":"wp","href":"https:\/\/api.w.org\/{rel}","templated":true}]}}