{"id":3782,"date":"2015-05-10T23:56:09","date_gmt":"2015-05-10T21:56:09","guid":{"rendered":"http:\/\/www.benarabi.org\/?p=3782"},"modified":"2015-05-10T23:56:09","modified_gmt":"2015-05-10T21:56:09","slug":"evaluacion-de-diagnostico-alumnos-2o-eso","status":"publish","type":"post","link":"https:\/\/www.benarabi.org\/?p=3782","title":{"rendered":"Evaluaci\u00f3n de diagn\u00f3stico alumnos 2\u00ba ESO"},"content":{"rendered":"<p style=\"text-align: justify;\"><a href=\"http:\/\/www.benarabi.org\/wp-content\/uploads\/2015\/05\/imagenpruebadiagnostico.jpg\"><img loading=\"lazy\" decoding=\"async\" class=\"alignleft wp-image-3784 size-full\" src=\"http:\/\/www.benarabi.org\/wp-content\/uploads\/2015\/05\/imagenpruebadiagnostico-e1431294960180.jpg\" alt=\"imagenpruebadiagnostico\" width=\"150\" height=\"73\" \/><\/a>La evaluaci\u00f3n de diagn\u00f3stico del alumnado de 2\u00ba ESO se va a realizar el d\u00eda 11 de mayo de 2015. Ser\u00e1 evaluada la competencia matem\u00e1tica.<\/p>\n<p style=\"text-align: justify;\">El Servicio de Evaluaci\u00f3n y Calidad Educativa de la Consejer\u00eda de Educaci\u00f3n, Cultura y Universidades de la Regi\u00f3n de Murcia publicar\u00e1 en el portal educativo educarm (www. educarm.es) el marco te\u00f3rico de la competencia a evaluar que ha servido de referencia para la elaboraci\u00f3n de la prueba, as\u00ed como los horarios e instrucciones de aplicaci\u00f3n, los materiales de apoyo para la difusi\u00f3n y cuanta informaci\u00f3n se considera necesaria para el normal desarrollo de la aplicaci\u00f3n de la prueba de la evaluaci\u00f3n de diagn\u00f3stico del curso 2014-2015.<\/p>\n<p style=\"text-align: justify;\">Si quieres ver toda la documentaci\u00f3n publicada por la Consejer\u00eda, <a href=\"http:\/\/www.educarm.es\/calidad-educativa\" target=\"_blank\">pincha aqu\u00ed<\/a>.<\/p>\n<p style=\"text-align: justify;\">Si quieres ver la resoluci\u00f3n completa,\u00a0<a href=\"http:\/\/www.benarabi.org\/wp-content\/uploads\/2015\/05\/resoluci\u00c3\u00b3n-evaluacion-diagnoastico-14-15.pdf\">pincha aqu\u00ed.<\/a><\/p>\n","protected":false},"excerpt":{"rendered":"<p>La evaluaci\u00f3n de diagn\u00f3stico del alumnado de 2\u00ba ESO se va a realizar el d\u00eda 11 de mayo de 2015. Ser\u00e1 evaluada la competencia matem\u00e1tica. El Servicio de Evaluaci\u00f3n y Calidad Educativa de la Consejer\u00eda de Educaci\u00f3n, Cultura y Universidades de la Regi\u00f3n de Murcia publicar\u00e1 en el portal educativo educarm (www. educarm.es) el marco [&hellip;]<\/p>\n","protected":false},"author":1,"featured_media":0,"comment_status":"closed","ping_status":"open","sticky":false,"template":"","format":"standard","meta":{"footnotes":""},"categories":[1],"tags":[],"class_list":["post-3782","post","type-post","status-publish","format-standard","hentry","category-sin-categoria"],"_links":{"self":[{"href":"https:\/\/www.benarabi.org\/index.php?rest_route=\/wp\/v2\/posts\/3782","targetHints":{"allow":["GET"]}}],"collection":[{"href":"https:\/\/www.benarabi.org\/index.php?rest_route=\/wp\/v2\/posts"}],"about":[{"href":"https:\/\/www.benarabi.org\/index.php?rest_route=\/wp\/v2\/types\/post"}],"author":[{"embeddable":true,"href":"https:\/\/www.benarabi.org\/index.php?rest_route=\/wp\/v2\/users\/1"}],"replies":[{"embeddable":true,"href":"https:\/\/www.benarabi.org\/index.php?rest_route=%2Fwp%2Fv2%2Fcomments&post=3782"}],"version-history":[{"count":1,"href":"https:\/\/www.benarabi.org\/index.php?rest_route=\/wp\/v2\/posts\/3782\/revisions"}],"predecessor-version":[{"id":3785,"href":"https:\/\/www.benarabi.org\/index.php?rest_route=\/wp\/v2\/posts\/3782\/revisions\/3785"}],"wp:attachment":[{"href":"https:\/\/www.benarabi.org\/index.php?rest_route=%2Fwp%2Fv2%2Fmedia&parent=3782"}],"wp:term":[{"taxonomy":"category","embeddable":true,"href":"https:\/\/www.benarabi.org\/index.php?rest_route=%2Fwp%2Fv2%2Fcategories&post=3782"},{"taxonomy":"post_tag","embeddable":true,"href":"https:\/\/www.benarabi.org\/index.php?rest_route=%2Fwp%2Fv2%2Ftags&post=3782"}],"curies":[{"name":"wp","href":"https:\/\/api.w.org\/{rel}","templated":true}]}}