{"id":3802,"date":"2015-05-26T10:22:19","date_gmt":"2015-05-26T08:22:19","guid":{"rendered":"http:\/\/www.benarabi.org\/?p=3802"},"modified":"2015-05-26T10:22:19","modified_gmt":"2015-05-26T08:22:19","slug":"acto-de-graduacion-de-alumnos-de-2o-bachillerato-2","status":"publish","type":"post","link":"https:\/\/www.benarabi.org\/?p=3802","title":{"rendered":"Acto de Graduaci\u00f3n de alumnos de 2\u00ba Bachillerato"},"content":{"rendered":"<p align=\"JUSTIFY\"><span style=\"color: #000000;\"><a href=\"http:\/\/www.benarabi.org\/wp-content\/uploads\/2015\/05\/graduacion.jpg\"><img loading=\"lazy\" decoding=\"async\" class=\"alignleft size-thumbnail wp-image-3803\" src=\"http:\/\/www.benarabi.org\/wp-content\/uploads\/2015\/05\/graduacion-150x150.jpg\" alt=\"graduacion\" width=\"150\" height=\"150\" srcset=\"https:\/\/www.benarabi.org\/wp-content\/uploads\/2015\/05\/graduacion-150x150.jpg 150w, https:\/\/www.benarabi.org\/wp-content\/uploads\/2015\/05\/graduacion.jpg 224w\" sizes=\"auto, (max-width: 150px) 100vw, 150px\" \/><\/a><\/span>Este a\u00f1o, como en cursos anteriores, hemos organizado un acto de graduaci\u00f3n de los alumnos de 2\u00ba de Bachillerato, que finalizan sus estudios en nuestro Centro. Este acto es la despedida a esta promoci\u00f3n que ha permanecido entre nosotros a lo largo de seis a\u00f1os. Durante el mismo, se har\u00e1 entrega a cada alumno de un diploma.<\/p>\n<p align=\"JUSTIFY\">El acto tendr\u00e1 lugar en el vest\u00edbulo del Instituto el viernes <b>29 de mayo a las 19.00 horas.<\/b> Es un acto abierto, y estar\u00edamos encantados si los padres y familiares de los alumnos estuvieran presentes durante el mismo, para acompa\u00f1ar a sus hijos en este momento tan especial.<\/p>\n<p align=\"JUSTIFY\">Esperamos contar con la presencia de todos los alumnos y sus familiares, as\u00ed como de los profesores que les han acompa\u00f1ado durante estos a\u00f1os en el IES Ben Arab\u00ed.<\/p>\n<p align=\"JUSTIFY\">Os esperamos a todos.<\/p>\n<p align=\"RIGHT\">M\u00aa Eugenia Mediano Sarabia (Jefe del DAEC)<\/p>\n","protected":false},"excerpt":{"rendered":"<p>Este a\u00f1o, como en cursos anteriores, hemos organizado un acto de graduaci\u00f3n de los alumnos de 2\u00ba de Bachillerato, que finalizan sus estudios en nuestro Centro. Este acto es la despedida a esta promoci\u00f3n que ha permanecido entre nosotros a lo largo de seis a\u00f1os. Durante el mismo, se har\u00e1 entrega a cada alumno de [&hellip;]<\/p>\n","protected":false},"author":1,"featured_media":0,"comment_status":"closed","ping_status":"open","sticky":false,"template":"","format":"standard","meta":{"footnotes":""},"categories":[1],"tags":[],"class_list":["post-3802","post","type-post","status-publish","format-standard","hentry","category-sin-categoria"],"_links":{"self":[{"href":"https:\/\/www.benarabi.org\/index.php?rest_route=\/wp\/v2\/posts\/3802","targetHints":{"allow":["GET"]}}],"collection":[{"href":"https:\/\/www.benarabi.org\/index.php?rest_route=\/wp\/v2\/posts"}],"about":[{"href":"https:\/\/www.benarabi.org\/index.php?rest_route=\/wp\/v2\/types\/post"}],"author":[{"embeddable":true,"href":"https:\/\/www.benarabi.org\/index.php?rest_route=\/wp\/v2\/users\/1"}],"replies":[{"embeddable":true,"href":"https:\/\/www.benarabi.org\/index.php?rest_route=%2Fwp%2Fv2%2Fcomments&post=3802"}],"version-history":[{"count":1,"href":"https:\/\/www.benarabi.org\/index.php?rest_route=\/wp\/v2\/posts\/3802\/revisions"}],"predecessor-version":[{"id":3804,"href":"https:\/\/www.benarabi.org\/index.php?rest_route=\/wp\/v2\/posts\/3802\/revisions\/3804"}],"wp:attachment":[{"href":"https:\/\/www.benarabi.org\/index.php?rest_route=%2Fwp%2Fv2%2Fmedia&parent=3802"}],"wp:term":[{"taxonomy":"category","embeddable":true,"href":"https:\/\/www.benarabi.org\/index.php?rest_route=%2Fwp%2Fv2%2Fcategories&post=3802"},{"taxonomy":"post_tag","embeddable":true,"href":"https:\/\/www.benarabi.org\/index.php?rest_route=%2Fwp%2Fv2%2Ftags&post=3802"}],"curies":[{"name":"wp","href":"https:\/\/api.w.org\/{rel}","templated":true}]}}