{"id":3808,"date":"2015-06-02T09:56:12","date_gmt":"2015-06-02T07:56:12","guid":{"rendered":"http:\/\/www.benarabi.org\/?p=3808"},"modified":"2015-06-03T09:32:15","modified_gmt":"2015-06-03T07:32:15","slug":"calendario-de-matriculacion-curso-15-16","status":"publish","type":"post","link":"https:\/\/www.benarabi.org\/?p=3808","title":{"rendered":"Calendario de matriculaci\u00f3n curso 15-16"},"content":{"rendered":"<p style=\"text-align: justify;\" align=\"JUSTIFY\"><span style=\"color: #666666;\"><a href=\"http:\/\/www.benarabi.org\/wp-content\/uploads\/2015\/06\/matriculacion15-16.png\"><img loading=\"lazy\" decoding=\"async\" class=\"alignleft wp-image-3809 size-full\" src=\"http:\/\/www.benarabi.org\/wp-content\/uploads\/2015\/06\/matriculacion15-16-e1433231740322.png\" alt=\"matriculacion15-16\" width=\"150\" height=\"73\" \/><\/a><\/span><span style=\"color: #666666;\">Ya est\u00e1 publicado<\/span><span style=\"color: #666666;\">\u00a0el <\/span><strong><span style=\"color: #666666;\">calendario de matriculaci\u00f3n<\/span><\/strong><span style=\"color: #666666;\">\u00a0<\/span><span style=\"color: #666666;\">para el <\/span><span style=\"color: #666666;\"><b>curso 2015-16<\/b><\/span><span style=\"color: #666666;\">, para alumnos propios del Centro y alumnos nuevos.<\/span><\/p>\n<p style=\"text-align: justify;\" align=\"JUSTIFY\"><span style=\"color: #666666;\">Se recuerda que <\/span><span style=\"color: #666666;\"><b>todo el alumnado<\/b><\/span><span style=\"color: #666666;\"> del Centro debe realizar la matr\u00edcula para el pr\u00f3ximo curso en las fechas indicadas en el calendario.<\/span><\/p>\n<p style=\"text-align: justify;\" align=\"JUSTIFY\"><span style=\"color: #666666;\">Antes de realizar la matr\u00edcula, los alumnos deber\u00e1n recoger el sobre de matr\u00edcula en la conserjer\u00eda del Centro.<\/span><\/p>\n<p style=\"text-align: justify;\" align=\"JUSTIFY\"><span style=\"color: #666666;\">El per\u00edodo de matriculaci\u00f3n comienza el d\u00eda <\/span><span style=\"color: #666666;\"><b>viernes 5 de junio<\/b><\/span><span style=\"color: #666666;\"> y cada d\u00eda se organiza seg\u00fan los diferentes niveles.<\/span><\/p>\n<p style=\"text-align: justify;\" align=\"JUSTIFY\"><span style=\"color: #666666;\">Si quieres ver el calendario completo y detallado, <a href=\"http:\/\/www.benarabi.org\/wp-content\/uploads\/2015\/06\/CALENDARIO-matriculacion15-16-1.doc\">pincha aqu\u00ed<\/a>.<\/span><\/p>\n","protected":false},"excerpt":{"rendered":"<p>Ya est\u00e1 publicado\u00a0el calendario de matriculaci\u00f3n\u00a0para el curso 2015-16, para alumnos propios del Centro y alumnos nuevos. Se recuerda que todo el alumnado del Centro debe realizar la matr\u00edcula para el pr\u00f3ximo curso en las fechas indicadas en el calendario. Antes de realizar la matr\u00edcula, los alumnos deber\u00e1n recoger el sobre de matr\u00edcula en la [&hellip;]<\/p>\n","protected":false},"author":1,"featured_media":0,"comment_status":"closed","ping_status":"open","sticky":false,"template":"","format":"standard","meta":{"footnotes":""},"categories":[1],"tags":[],"class_list":["post-3808","post","type-post","status-publish","format-standard","hentry","category-sin-categoria"],"_links":{"self":[{"href":"https:\/\/www.benarabi.org\/index.php?rest_route=\/wp\/v2\/posts\/3808","targetHints":{"allow":["GET"]}}],"collection":[{"href":"https:\/\/www.benarabi.org\/index.php?rest_route=\/wp\/v2\/posts"}],"about":[{"href":"https:\/\/www.benarabi.org\/index.php?rest_route=\/wp\/v2\/types\/post"}],"author":[{"embeddable":true,"href":"https:\/\/www.benarabi.org\/index.php?rest_route=\/wp\/v2\/users\/1"}],"replies":[{"embeddable":true,"href":"https:\/\/www.benarabi.org\/index.php?rest_route=%2Fwp%2Fv2%2Fcomments&post=3808"}],"version-history":[{"count":2,"href":"https:\/\/www.benarabi.org\/index.php?rest_route=\/wp\/v2\/posts\/3808\/revisions"}],"predecessor-version":[{"id":3815,"href":"https:\/\/www.benarabi.org\/index.php?rest_route=\/wp\/v2\/posts\/3808\/revisions\/3815"}],"wp:attachment":[{"href":"https:\/\/www.benarabi.org\/index.php?rest_route=%2Fwp%2Fv2%2Fmedia&parent=3808"}],"wp:term":[{"taxonomy":"category","embeddable":true,"href":"https:\/\/www.benarabi.org\/index.php?rest_route=%2Fwp%2Fv2%2Fcategories&post=3808"},{"taxonomy":"post_tag","embeddable":true,"href":"https:\/\/www.benarabi.org\/index.php?rest_route=%2Fwp%2Fv2%2Ftags&post=3808"}],"curies":[{"name":"wp","href":"https:\/\/api.w.org\/{rel}","templated":true}]}}