{"id":3835,"date":"2015-06-16T10:58:11","date_gmt":"2015-06-16T08:58:11","guid":{"rendered":"http:\/\/www.benarabi.org\/?p=3835"},"modified":"2015-06-16T10:58:50","modified_gmt":"2015-06-16T08:58:50","slug":"i-certamen-de-poesia-aula-miguel-hernandez","status":"publish","type":"post","link":"https:\/\/www.benarabi.org\/?p=3835","title":{"rendered":"I Certamen de Poes\u00eda \u00abAULA MIGUEL HERN\u00c1NDEZ\u00bb"},"content":{"rendered":"<p style=\"text-align: justify;\"><em><a href=\"http:\/\/www.benarabi.org\/wp-content\/uploads\/2015\/06\/MiguelHernandez.jpg\"><img loading=\"lazy\" decoding=\"async\" class=\"alignleft size-thumbnail wp-image-3836\" src=\"http:\/\/www.benarabi.org\/wp-content\/uploads\/2015\/06\/MiguelHernandez-150x150.jpg\" alt=\"MiguelHernandez\" width=\"150\" height=\"150\" \/><\/a>El IES Ben Arab\u00ed, y la Fundaci\u00f3n Cultural Miguel Hern\u00e1ndez, convocan el primer certamen de poes\u00eda, dentro del programa de actividades del Aula de Estudios Hernandianos, que tiene su sede en este Instituto. El concurso est\u00e1 dirigido a alumnos que hayan estado matriculados en el centro durante el curso 2014\/2015. Se podr\u00e1n presentar poemas originales, con una extensi\u00f3n m\u00e1xima de veinte versos, y con el requisito de que los dos primeros versos deben pertenecer a la obra del gran poeta oriolano. El plazo de presentaci\u00f3n concluye el 30 de junio, y la entrega de premios se llevar\u00e1 a cabo en los actos de conmemoraci\u00f3n del aniversario del nacimiento de Miguel Hern\u00e1ndez. Se pueden\u00a0<a href=\"http:\/\/www.benarabi.org\/wp-content\/uploads\/2015\/06\/cartel-concurso-Miguel-Hern\u00e1ndez.pdf\">consultar aqu\u00ed las bases del concurso<\/a>.<\/em><\/p>\n","protected":false},"excerpt":{"rendered":"<p>El IES Ben Arab\u00ed, y la Fundaci\u00f3n Cultural Miguel Hern\u00e1ndez, convocan el primer certamen de poes\u00eda, dentro del programa de actividades del Aula de Estudios Hernandianos, que tiene su sede en este Instituto. El concurso est\u00e1 dirigido a alumnos que hayan estado matriculados en el centro durante el curso 2014\/2015. Se podr\u00e1n presentar poemas originales, [&hellip;]<\/p>\n","protected":false},"author":1,"featured_media":0,"comment_status":"closed","ping_status":"open","sticky":false,"template":"","format":"standard","meta":{"footnotes":""},"categories":[1],"tags":[],"class_list":["post-3835","post","type-post","status-publish","format-standard","hentry","category-sin-categoria"],"_links":{"self":[{"href":"https:\/\/www.benarabi.org\/index.php?rest_route=\/wp\/v2\/posts\/3835","targetHints":{"allow":["GET"]}}],"collection":[{"href":"https:\/\/www.benarabi.org\/index.php?rest_route=\/wp\/v2\/posts"}],"about":[{"href":"https:\/\/www.benarabi.org\/index.php?rest_route=\/wp\/v2\/types\/post"}],"author":[{"embeddable":true,"href":"https:\/\/www.benarabi.org\/index.php?rest_route=\/wp\/v2\/users\/1"}],"replies":[{"embeddable":true,"href":"https:\/\/www.benarabi.org\/index.php?rest_route=%2Fwp%2Fv2%2Fcomments&post=3835"}],"version-history":[{"count":2,"href":"https:\/\/www.benarabi.org\/index.php?rest_route=\/wp\/v2\/posts\/3835\/revisions"}],"predecessor-version":[{"id":3839,"href":"https:\/\/www.benarabi.org\/index.php?rest_route=\/wp\/v2\/posts\/3835\/revisions\/3839"}],"wp:attachment":[{"href":"https:\/\/www.benarabi.org\/index.php?rest_route=%2Fwp%2Fv2%2Fmedia&parent=3835"}],"wp:term":[{"taxonomy":"category","embeddable":true,"href":"https:\/\/www.benarabi.org\/index.php?rest_route=%2Fwp%2Fv2%2Fcategories&post=3835"},{"taxonomy":"post_tag","embeddable":true,"href":"https:\/\/www.benarabi.org\/index.php?rest_route=%2Fwp%2Fv2%2Ftags&post=3835"}],"curies":[{"name":"wp","href":"https:\/\/api.w.org\/{rel}","templated":true}]}}