{"id":3925,"date":"2015-09-02T13:39:50","date_gmt":"2015-09-02T11:39:50","guid":{"rendered":"http:\/\/www.benarabi.org\/?p=3925"},"modified":"2015-09-02T13:43:58","modified_gmt":"2015-09-02T11:43:58","slug":"el-ies-ben-arabi-es-reconocido-con-la-prestigiosa-distincion-label-france-education","status":"publish","type":"post","link":"https:\/\/www.benarabi.org\/?p=3925","title":{"rendered":"EL IES BEN ARAB\u00cd ES RECONOCIDO CON LA PRESTIGIOSA DISTINCI\u00d3N \u201cLABEL FRANCE EDUCATION\u201d"},"content":{"rendered":"<p style=\"text-align: justify;\"><a href=\"http:\/\/www.benarabi.org\/wp-content\/uploads\/2015\/09\/label.png\"><img loading=\"lazy\" decoding=\"async\" class=\"alignleft size-thumbnail wp-image-3926\" src=\"http:\/\/www.benarabi.org\/wp-content\/uploads\/2015\/09\/label-150x150.png\" alt=\"label\" width=\"150\" height=\"150\" srcset=\"https:\/\/www.benarabi.org\/wp-content\/uploads\/2015\/09\/label-150x150.png 150w, https:\/\/www.benarabi.org\/wp-content\/uploads\/2015\/09\/label.png 180w\" sizes=\"auto, (max-width: 150px) 100vw, 150px\" \/><\/a>El IES Ben Arab\u00ed ha sido seleccionado, en este a\u00f1o 2015, como uno de los Centros Educativos merecedores del sello <em>\u201cLabel France Education\u201d<\/em>, prestigiosa distinci\u00f3n internacional otorgada por el Ministro de Asuntos Exteriores de la Rep\u00fablica Francesa a los centros educativos que, seleccionados en todo el mundo, sobresalen especialmente por ofrecer una ense\u00f1anza biling\u00fce de la lengua y la cultura francesas de la m\u00e1xima calidad y excelencia.<!--more--><\/p>\n<p style=\"text-align: justify;\">Esta acreditaci\u00f3n se concede tras una evaluaci\u00f3n externa por parte del Agencia de Ense\u00f1anza del Franc\u00e9s en el Extranjero (AEFE), que aplica rigurosos criterios de selecci\u00f3n tales como: impartir un porcentaje superior al 33% de materias en franc\u00e9s, contar con un equipo de profesorado en su secci\u00f3n biling\u00fce altamente cualificado y acreditado, contemplar una pol\u00edtica educativa de un fuerte compromiso con la gesti\u00f3n de calidad, involucrar al alumnado en programas internacionales oficiales de idiomas (Bachibac, ex\u00e1menes DELF-DALF) o potenciar, a trav\u00e9s de actividades complementarias, el inter\u00e9s e intercambio cultural franc\u00f3fono (intercambios escolares, exposiciones, conferencias, etc.). Se concede por un per\u00edodo de tres a\u00f1os, siendo renovable al t\u00e9rmino del mismo tras una nueva evaluaci\u00f3n positiva.<\/p>\n<p style=\"text-align: justify;\">La concesi\u00f3n del sello implica, adem\u00e1s, formar parte de la <em>red mundial \u201cLabel France Education\u201d<\/em>, que concede acceso privilegiado a servicios que refuerzan la calidad de la ense\u00f1anza dispensada, tales como: sesiones de formaci\u00f3n para el profesorado, apoyo econ\u00f3mico a proyectos de innovaci\u00f3n educativa, intercambios de experiencias entre los responsables de los centros de la red, o acceso a m\u00faltiples recursos <em>online<\/em>.<\/p>\n<p style=\"text-align: justify;\">Desde que este reconocimiento se instituy\u00f3, en 2012, se han acreditado 56 centros educativos p\u00fablicos y privados en los cinco continentes, a los que se sumar\u00e1n los seleccionados en esta convocatoria. Hasta la fecha, Espa\u00f1a contaba con cinco institutos (dos en Madrid, uno en Cantabria, uno en Castilla La Mancha y uno en Andaluc\u00eda), increment\u00e1ndose esta cifra, entre otros, con nuestra incorporaci\u00f3n, que supone la primera en el \u00e1mbito de la Regi\u00f3n de Murcia.<\/p>\n<p style=\"text-align: justify;\">La ceremonia de entrega de la acreditaci\u00f3n se celebrar\u00e1 en la Embajada de la Rep\u00fablica Francesa en Madrid, en una fecha por determinar de los meses de septiembre u octubre de este a\u00f1o. Al acto acudir\u00e1, en representaci\u00f3n del IES Ben Arab\u00ed, su Director D. Manuel D\u00edaz Segura.<\/p>\n<p style=\"text-align: justify;\">Para m\u00e1s informaci\u00f3n sobre \u201cLabel France Education\u201d puede visitar la web oficial www.labelfranceduation.fr\/es<\/p>\n","protected":false},"excerpt":{"rendered":"<p>El IES Ben Arab\u00ed ha sido seleccionado, en este a\u00f1o 2015, como uno de los Centros Educativos merecedores del sello \u201cLabel France Education\u201d, prestigiosa distinci\u00f3n internacional otorgada por el Ministro de Asuntos Exteriores de la Rep\u00fablica Francesa a los centros educativos que, seleccionados en todo el mundo, sobresalen especialmente por ofrecer una ense\u00f1anza biling\u00fce de [&hellip;]<\/p>\n","protected":false},"author":1,"featured_media":0,"comment_status":"closed","ping_status":"open","sticky":false,"template":"","format":"standard","meta":{"footnotes":""},"categories":[1],"tags":[],"class_list":["post-3925","post","type-post","status-publish","format-standard","hentry","category-sin-categoria"],"_links":{"self":[{"href":"https:\/\/www.benarabi.org\/index.php?rest_route=\/wp\/v2\/posts\/3925","targetHints":{"allow":["GET"]}}],"collection":[{"href":"https:\/\/www.benarabi.org\/index.php?rest_route=\/wp\/v2\/posts"}],"about":[{"href":"https:\/\/www.benarabi.org\/index.php?rest_route=\/wp\/v2\/types\/post"}],"author":[{"embeddable":true,"href":"https:\/\/www.benarabi.org\/index.php?rest_route=\/wp\/v2\/users\/1"}],"replies":[{"embeddable":true,"href":"https:\/\/www.benarabi.org\/index.php?rest_route=%2Fwp%2Fv2%2Fcomments&post=3925"}],"version-history":[{"count":2,"href":"https:\/\/www.benarabi.org\/index.php?rest_route=\/wp\/v2\/posts\/3925\/revisions"}],"predecessor-version":[{"id":3928,"href":"https:\/\/www.benarabi.org\/index.php?rest_route=\/wp\/v2\/posts\/3925\/revisions\/3928"}],"wp:attachment":[{"href":"https:\/\/www.benarabi.org\/index.php?rest_route=%2Fwp%2Fv2%2Fmedia&parent=3925"}],"wp:term":[{"taxonomy":"category","embeddable":true,"href":"https:\/\/www.benarabi.org\/index.php?rest_route=%2Fwp%2Fv2%2Fcategories&post=3925"},{"taxonomy":"post_tag","embeddable":true,"href":"https:\/\/www.benarabi.org\/index.php?rest_route=%2Fwp%2Fv2%2Ftags&post=3925"}],"curies":[{"name":"wp","href":"https:\/\/api.w.org\/{rel}","templated":true}]}}