{"id":3968,"date":"2015-09-16T13:24:11","date_gmt":"2015-09-16T11:24:11","guid":{"rendered":"http:\/\/www.benarabi.org\/?p=3968"},"modified":"2015-09-16T13:24:11","modified_gmt":"2015-09-16T11:24:11","slug":"apertura-del-curso-escolar-2015-16","status":"publish","type":"post","link":"https:\/\/www.benarabi.org\/?p=3968","title":{"rendered":"Apertura del Curso Escolar 2015-16"},"content":{"rendered":"<p style=\"text-align: justify;\"><a href=\"http:\/\/www.benarabi.org\/wp-content\/uploads\/2015\/09\/apertura-curso15-16.jpg\"><img loading=\"lazy\" decoding=\"async\" class=\"alignleft size-thumbnail wp-image-3969\" src=\"http:\/\/www.benarabi.org\/wp-content\/uploads\/2015\/09\/apertura-curso15-16-150x150.jpg\" alt=\"apertura curso15-16\" width=\"150\" height=\"150\" \/><\/a>Durante las ma\u00f1anas del martes 15 y mi\u00e9rcoles 16 de septiembre han dado comienzo las actividades lectivas correspondientes al nuevo curso 2015-2016 con el recibimiento y las presentaciones de los alumnos del Instituto. El jueves 17, dar\u00e1n comienzo las clases en su horario normal.<\/p>\n<p style=\"text-align: justify;\">Durante las jornadas de acogida, el Director D. Manuel D\u00edaz Segura dio la bienvenida a todo el alumnado que se incorpora a este centro, especialmente a los que ingresan por primera vez en el Instituto. Resalt\u00f3 el gran trabajo que desarrolla, curso tras curso, el profesorado de este centro con esfuerzo, ilusi\u00f3n y entrega por un Proyecto com\u00fan en el que destaca la implantaci\u00f3n y desarrollo de numerosos programas (algunos pioneros) como Biling\u00fce, Bachibac, Ense\u00f1anza XXI, CAF educaci\u00f3n, Horarios Integrados,.. cuyos excelentes resultados est\u00e1n dando curso tras curso. Adem\u00e1s, les quiso hacer part\u00edcipes de la reciente distinci\u00f3n \u201cLabel France Education\u201d otorgada al Instituto por el Ministerio de Asuntos Exteriores de Francia, por ofrecer una ense\u00f1anza biling\u00fce de la lengua francesa de m\u00e1xima calidad y excelencia.<\/p>\n<p>\u00a1Bienvenidos a un nuevo curso!<\/p>\n","protected":false},"excerpt":{"rendered":"<p>Durante las ma\u00f1anas del martes 15 y mi\u00e9rcoles 16 de septiembre han dado comienzo las actividades lectivas correspondientes al nuevo curso 2015-2016 con el recibimiento y las presentaciones de los alumnos del Instituto. El jueves 17, dar\u00e1n comienzo las clases en su horario normal. Durante las jornadas de acogida, el Director D. Manuel D\u00edaz Segura [&hellip;]<\/p>\n","protected":false},"author":1,"featured_media":0,"comment_status":"closed","ping_status":"open","sticky":false,"template":"","format":"standard","meta":{"footnotes":""},"categories":[1],"tags":[],"class_list":["post-3968","post","type-post","status-publish","format-standard","hentry","category-sin-categoria"],"_links":{"self":[{"href":"https:\/\/www.benarabi.org\/index.php?rest_route=\/wp\/v2\/posts\/3968","targetHints":{"allow":["GET"]}}],"collection":[{"href":"https:\/\/www.benarabi.org\/index.php?rest_route=\/wp\/v2\/posts"}],"about":[{"href":"https:\/\/www.benarabi.org\/index.php?rest_route=\/wp\/v2\/types\/post"}],"author":[{"embeddable":true,"href":"https:\/\/www.benarabi.org\/index.php?rest_route=\/wp\/v2\/users\/1"}],"replies":[{"embeddable":true,"href":"https:\/\/www.benarabi.org\/index.php?rest_route=%2Fwp%2Fv2%2Fcomments&post=3968"}],"version-history":[{"count":1,"href":"https:\/\/www.benarabi.org\/index.php?rest_route=\/wp\/v2\/posts\/3968\/revisions"}],"predecessor-version":[{"id":3970,"href":"https:\/\/www.benarabi.org\/index.php?rest_route=\/wp\/v2\/posts\/3968\/revisions\/3970"}],"wp:attachment":[{"href":"https:\/\/www.benarabi.org\/index.php?rest_route=%2Fwp%2Fv2%2Fmedia&parent=3968"}],"wp:term":[{"taxonomy":"category","embeddable":true,"href":"https:\/\/www.benarabi.org\/index.php?rest_route=%2Fwp%2Fv2%2Fcategories&post=3968"},{"taxonomy":"post_tag","embeddable":true,"href":"https:\/\/www.benarabi.org\/index.php?rest_route=%2Fwp%2Fv2%2Ftags&post=3968"}],"curies":[{"name":"wp","href":"https:\/\/api.w.org\/{rel}","templated":true}]}}