{"id":3985,"date":"2015-10-05T09:28:12","date_gmt":"2015-10-05T07:28:12","guid":{"rendered":"http:\/\/www.benarabi.org\/?p=3985"},"modified":"2015-10-07T16:07:05","modified_gmt":"2015-10-07T14:07:05","slug":"el-ies-ben-arabi-obtiene-el-reconocimiento-de-la-consejera-de-educacion","status":"publish","type":"post","link":"https:\/\/www.benarabi.org\/?p=3985","title":{"rendered":"El IES Ben Arab\u00ed obtiene el reconocimiento de la Consejera de Educaci\u00f3n"},"content":{"rendered":"<p style=\"text-align: justify;\"><strong><a href=\"http:\/\/www.benarabi.org\/wp-content\/uploads\/2015\/10\/reunion-consejera-educacion.jpg\"><img loading=\"lazy\" decoding=\"async\" class=\"alignleft wp-image-3986 size-full\" src=\"http:\/\/www.benarabi.org\/wp-content\/uploads\/2015\/10\/reunion-consejera-educacion-e1444030067667.jpg\" alt=\"reunion consejera educacion\" width=\"150\" height=\"113\" \/><\/a><\/strong>La Consejera de Educaci\u00f3n y Universidades, Mar\u00eda Isabel S\u00e1nchez-Mora, quiso mostrar <strong>su apoyo y reconocimiento<\/strong> a la labor que ha venido desarrollando el <strong>IES Ben Arab\u00ed<\/strong> en los \u00faltimos a\u00f1os en materia de calidad e innovaci\u00f3n educativa, que ha culminado recientemente con la concesi\u00f3n del prestigioso Sello de Calidad internacional\u00a0 \u201cLabel France Education\u201d que concede la Rep\u00fablica Francesa.<\/p>\n<p style=\"text-align: justify;\">Con motivo de este acontecimiento, la Consejera recibi\u00f3 al Director del IES Ben Arab\u00ed, Manuel D\u00edaz, en el Palacio de Aguirre, sede institucional del Gobierno regional en Cartagena.<\/p>\n<p style=\"text-align: justify;\"><!--more-->En el encuentro, S\u00e1nchez-Mora transmiti\u00f3 al Director la <strong>enhorabuena <\/strong>de parte de todo el Gobierno regional \u201cpor ser un orgullo para el sistema educativo de la Regi\u00f3n\u201d y destac\u00f3 que el IES Ben Arab\u00ed \u201ces <strong>un modelo en la aplicaci\u00f3n del biling\u00fcismo<\/strong>, en este caso, en el idioma franc\u00e9s\u201d a la vez que resalt\u00f3 el esfuerzo e implicaci\u00f3n de la Administraci\u00f3n junto con los profesores y el alumnado en el avance de la ense\u00f1anza biling\u00fce en la Regi\u00f3n.<\/p>\n<p style=\"text-align: justify;\">Manuel D\u00edaz aprovech\u00f3 la ocasi\u00f3n para solicitar de la Consejera su presencia en el acto de entrega de la distinci\u00f3n que tendr\u00e1 lugar en la Embajada de Francia en Madrid en una fecha pr\u00f3xima, mostr\u00e1ndose \u00e9sta dispuesta a respaldar con su asistencia al Centro.<\/p>\n<p style=\"text-align: justify;\">El IES Ben Arab\u00ed es <strong>uno de los m\u00e1s solicitados<\/strong> por las familias de Cartagena, entre otras cuestiones, <strong>por la calidad de la ense\u00f1anza<\/strong>, lo que ha supuesto un aumento en el n\u00famero de unidades y de la ocupaci\u00f3n de puestos escolares en el Centro, super\u00e1ndose este curso los novecientos alumnos.<\/p>\n<p style=\"text-align: justify;\">La Consejera anunci\u00f3 su compromiso de <strong>ampliar para el pr\u00f3ximo curso los espacios <\/strong>del IES Ben Arab\u00ed y, en este sentido asegur\u00f3 que la inversi\u00f3n prevista para este cometido, unos 400.000 euros, estar\u00e1 incluida en el presupuesto regional para el a\u00f1o que viene. Aunque el proyecto a\u00fan no est\u00e1 redactado, la Consejer\u00eda se plantea, al menos, la construcci\u00f3n de un m\u00f3dulo que albergar\u00eda un m\u00ednimo de cuatro aulas m\u00e1s.<\/p>\n<p class=\"ecxMsoNormal\" style=\"text-align: justify;\">Si quieres conocer la repercusi\u00f3n que la noticia ha tenido en la prensa, puedes ver los siguientes enlaces:<\/p>\n<p class=\"ecxMsoNormal\" style=\"text-align: justify;\"><a href=\"http:\/\/www.laverdad.es\/murcia\/cartagena\/201510\/03\/educacion-ampliara-nuevas-aulas-20151003003203-v.html\" target=\"_blank\">http:\/\/www.laverdad.es\/murcia\/cartagena\/201510\/03\/educacion-ampliara-nuevas-aulas-20151003003203-v.html<\/a><\/p>\n<p class=\"ecxMsoNormal\" style=\"text-align: justify;\"><a href=\"http:\/\/www.carm.es\/web\/pagina?IDCONTENIDO=81521&amp;IDTIPO=10&amp;RASTRO=c77$s3$m\" target=\"_blank\">http:\/\/www.carm.es\/web\/pagina?IDCONTENIDO=81521&amp;IDTIPO=10&amp;RASTRO=c77$s3$m<\/a><\/p>\n","protected":false},"excerpt":{"rendered":"<p>La Consejera de Educaci\u00f3n y Universidades, Mar\u00eda Isabel S\u00e1nchez-Mora, quiso mostrar su apoyo y reconocimiento a la labor que ha venido desarrollando el IES Ben Arab\u00ed en los \u00faltimos a\u00f1os en materia de calidad e innovaci\u00f3n educativa, que ha culminado recientemente con la concesi\u00f3n del prestigioso Sello de Calidad internacional\u00a0 \u201cLabel France Education\u201d que concede [&hellip;]<\/p>\n","protected":false},"author":1,"featured_media":0,"comment_status":"closed","ping_status":"open","sticky":false,"template":"","format":"standard","meta":{"footnotes":""},"categories":[1],"tags":[],"class_list":["post-3985","post","type-post","status-publish","format-standard","hentry","category-sin-categoria"],"_links":{"self":[{"href":"https:\/\/www.benarabi.org\/index.php?rest_route=\/wp\/v2\/posts\/3985","targetHints":{"allow":["GET"]}}],"collection":[{"href":"https:\/\/www.benarabi.org\/index.php?rest_route=\/wp\/v2\/posts"}],"about":[{"href":"https:\/\/www.benarabi.org\/index.php?rest_route=\/wp\/v2\/types\/post"}],"author":[{"embeddable":true,"href":"https:\/\/www.benarabi.org\/index.php?rest_route=\/wp\/v2\/users\/1"}],"replies":[{"embeddable":true,"href":"https:\/\/www.benarabi.org\/index.php?rest_route=%2Fwp%2Fv2%2Fcomments&post=3985"}],"version-history":[{"count":3,"href":"https:\/\/www.benarabi.org\/index.php?rest_route=\/wp\/v2\/posts\/3985\/revisions"}],"predecessor-version":[{"id":3993,"href":"https:\/\/www.benarabi.org\/index.php?rest_route=\/wp\/v2\/posts\/3985\/revisions\/3993"}],"wp:attachment":[{"href":"https:\/\/www.benarabi.org\/index.php?rest_route=%2Fwp%2Fv2%2Fmedia&parent=3985"}],"wp:term":[{"taxonomy":"category","embeddable":true,"href":"https:\/\/www.benarabi.org\/index.php?rest_route=%2Fwp%2Fv2%2Fcategories&post=3985"},{"taxonomy":"post_tag","embeddable":true,"href":"https:\/\/www.benarabi.org\/index.php?rest_route=%2Fwp%2Fv2%2Ftags&post=3985"}],"curies":[{"name":"wp","href":"https:\/\/api.w.org\/{rel}","templated":true}]}}