{"id":4020,"date":"2015-10-26T11:45:21","date_gmt":"2015-10-26T10:45:21","guid":{"rendered":"http:\/\/www.benarabi.org\/?p=4020"},"modified":"2015-10-26T11:49:22","modified_gmt":"2015-10-26T10:49:22","slug":"presentacion-del-libro-miguel-hernandez-y-cartagena-memorial-jose-maria-de-juana-aranzana","status":"publish","type":"post","link":"https:\/\/www.benarabi.org\/?p=4020","title":{"rendered":"PRESENTACI\u00d3N DEL LIBRO \u201cMIGUEL HERN\u00c1NDEZ Y CARTAGENA: Memorial Jos\u00e9 Mar\u00eda de Juana Aranzana\u201d."},"content":{"rendered":"<p style=\"text-align: justify;\"><a href=\"http:\/\/www.benarabi.org\/wp-content\/uploads\/2015\/10\/Dibujo.jpg\"><img loading=\"lazy\" decoding=\"async\" class=\"alignleft wp-image-4022 size-full\" src=\"http:\/\/www.benarabi.org\/wp-content\/uploads\/2015\/10\/Dibujo-e1445856312842.jpg\" alt=\"Dibujo\" width=\"150\" height=\"212\" \/><\/a>Desde que en el curso 2013-2014 se instituyese el \u201c<em>Aula Miguel Hern\u00e1ndez<\/em>\u201d en el seno del IES Ben Arab\u00ed, se han venido llevando a cabo distintas iniciativas en torno a la figura y la obra del poeta, como conferencias, visitas a su Casa-Museo en Orihuela o cert\u00e1menes de poes\u00eda.<\/p>\n<p style=\"text-align: justify;\">Ahora se presenta el monogr\u00e1fico \u201cMiguel Hern\u00e1ndez y Cartagena: Memorial Jos\u00e9 Mar\u00eda de Juana Aranzana\u201d, que sigue la huella que dej\u00f3 el autor en nuestra ciudad y estudia la vigencia de su obra en nuestros d\u00edas. El volumen est\u00e1 coordinado por los profesores D. Francisco Jos\u00e9 Franco Fern\u00e1ndez y D. Joaqu\u00edn Jare\u00f1o Alarc\u00f3n.<\/p>\n<p style=\"text-align: justify;\">La presentaci\u00f3n tendr\u00e1 lugar en el <strong>Sal\u00f3n de Actos de la Residencia Universitaria Alberto Colao de Cartagena el viernes 30 de octubre a las 19.45 horas.<\/strong><!--more--><\/p>\n<p style=\"text-align: justify;\">El volumen, coordinado por los profesores D. Francisco Jos\u00e9 Franco Fern\u00e1ndez y D. Joaqu\u00edn Jare\u00f1o Alarc\u00f3n, es fruto de la colaboraci\u00f3n de la Fundaci\u00f3n Cultural Miguel Hern\u00e1ndez, el Instituto Cartagenero de Investigaciones Hist\u00f3ricas (INCIS) y el IES Ben Arab\u00ed y constituye una nueva aportaci\u00f3n del <em>Aula Miguel Hern\u00e1ndez<\/em> a la difusi\u00f3n de la vida y obra del poeta en la comarca de Cartagena. En el libro han participado varios profesores de nuestro Centro, como D. Enrique Pineda G\u00f3mez, D\u00aa Beatriz Villarino Mart\u00ednez, D. Manuel Jes\u00fas Soler Mart\u00ednez, o D\u00aa Mar\u00eda Antonia Garc\u00eda Caro.<\/p>\n<p style=\"text-align: justify;\">Adem\u00e1s, este libro supone un homenaje a la figura del a\u00f1orado Jos\u00e9 Mar\u00eda de Juana Aranzana, que fue Jefe de Estudios del IES Ben Arab\u00ed largo tiempo, y que, con motivo del centenario del nacimiento del poeta en 2010, situ\u00f3 al Centro como uno de los principales focos en la ciudad del estudio de Miguel Hern\u00e1ndez.<\/p>\n<p style=\"text-align: justify;\">La presentaci\u00f3n tendr\u00e1 lugar en el Sal\u00f3n de Actos de la Residencia Universitaria Alberto Colao de Cartagena el viernes 30 de octubre a las 19.45 horas y contar\u00e1, entre otros, con la asistencia de los autores, y de D. Aitor Luis Larrabide Ach\u00fategui, Director de la Fundaci\u00f3n Cultural Miguel Hern\u00e1ndez, D. Manuel D\u00edaz Segura, Director del IES Ben Arab\u00ed, y D. Francisco Mart\u00ednez Mu\u00f1oz, Inspector de Educaci\u00f3n y Concejal del Ayuntamiento de Cartagena.<\/p>\n<p><a href=\"http:\/\/www.benarabi.org\/wp-content\/uploads\/2015\/10\/Dibujo2.jpg\"><img loading=\"lazy\" decoding=\"async\" class=\"alignleft wp-image-4026 size-full\" src=\"http:\/\/www.benarabi.org\/wp-content\/uploads\/2015\/10\/Dibujo2-e1445856551611.jpg\" alt=\"Dibujo2\" width=\"212\" height=\"300\" \/><\/a><\/p>\n","protected":false},"excerpt":{"rendered":"<p>Desde que en el curso 2013-2014 se instituyese el \u201cAula Miguel Hern\u00e1ndez\u201d en el seno del IES Ben Arab\u00ed, se han venido llevando a cabo distintas iniciativas en torno a la figura y la obra del poeta, como conferencias, visitas a su Casa-Museo en Orihuela o cert\u00e1menes de poes\u00eda. Ahora se presenta el monogr\u00e1fico \u201cMiguel [&hellip;]<\/p>\n","protected":false},"author":1,"featured_media":0,"comment_status":"closed","ping_status":"open","sticky":false,"template":"","format":"standard","meta":{"footnotes":""},"categories":[1],"tags":[],"class_list":["post-4020","post","type-post","status-publish","format-standard","hentry","category-sin-categoria"],"_links":{"self":[{"href":"https:\/\/www.benarabi.org\/index.php?rest_route=\/wp\/v2\/posts\/4020","targetHints":{"allow":["GET"]}}],"collection":[{"href":"https:\/\/www.benarabi.org\/index.php?rest_route=\/wp\/v2\/posts"}],"about":[{"href":"https:\/\/www.benarabi.org\/index.php?rest_route=\/wp\/v2\/types\/post"}],"author":[{"embeddable":true,"href":"https:\/\/www.benarabi.org\/index.php?rest_route=\/wp\/v2\/users\/1"}],"replies":[{"embeddable":true,"href":"https:\/\/www.benarabi.org\/index.php?rest_route=%2Fwp%2Fv2%2Fcomments&post=4020"}],"version-history":[{"count":5,"href":"https:\/\/www.benarabi.org\/index.php?rest_route=\/wp\/v2\/posts\/4020\/revisions"}],"predecessor-version":[{"id":4028,"href":"https:\/\/www.benarabi.org\/index.php?rest_route=\/wp\/v2\/posts\/4020\/revisions\/4028"}],"wp:attachment":[{"href":"https:\/\/www.benarabi.org\/index.php?rest_route=%2Fwp%2Fv2%2Fmedia&parent=4020"}],"wp:term":[{"taxonomy":"category","embeddable":true,"href":"https:\/\/www.benarabi.org\/index.php?rest_route=%2Fwp%2Fv2%2Fcategories&post=4020"},{"taxonomy":"post_tag","embeddable":true,"href":"https:\/\/www.benarabi.org\/index.php?rest_route=%2Fwp%2Fv2%2Ftags&post=4020"}],"curies":[{"name":"wp","href":"https:\/\/api.w.org\/{rel}","templated":true}]}}