{"id":4044,"date":"2015-11-10T11:05:55","date_gmt":"2015-11-10T10:05:55","guid":{"rendered":"http:\/\/www.benarabi.org\/?p=4044"},"modified":"2015-11-10T11:06:52","modified_gmt":"2015-11-10T10:06:52","slug":"constitucion-de-la-junta-de-delegados-curso-2015-16","status":"publish","type":"post","link":"https:\/\/www.benarabi.org\/?p=4044","title":{"rendered":"Constituci\u00f3n de la Junta de Delegados Curso 2015-16"},"content":{"rendered":"<p style=\"text-align: justify;\"><a href=\"http:\/\/www.benarabi.org\/wp-content\/uploads\/2015\/11\/junta-de-delegados15-16.jpg\"><img loading=\"lazy\" decoding=\"async\" class=\"alignleft wp-image-4046 size-full\" src=\"http:\/\/www.benarabi.org\/wp-content\/uploads\/2015\/11\/junta-de-delegados15-16-e1447149943614.jpg\" alt=\"junta de delegados15-16\" width=\"150\" height=\"113\" \/><\/a>El pasado mi\u00e9rcoles 4 de noviembre se constituy\u00f3 la <strong>Junta<\/strong><strong> de delegados<\/strong> para el curso <strong>2015-16.<\/strong> Est\u00e1 integrada por los delegados de los distintos grupos y por los representantes de los alumnos en el Consejo Escolar. El Presidente de la misma es el alumno m\u00e1s votado entre los elegidos en el Consejo Escolar, Nerea Leguey Riquelme, que adem\u00e1s ostentar\u00e1 la representaci\u00f3n de los alumnos en los actos protocolarios en los que se requiere su presencia. El secretario de la Junta es el alumno de menor edad de entre los delegados de 2\u00ba de Bachillerato, Carlos Garc\u00eda Mart\u00ednez.<\/p>\n<p style=\"text-align: justify;\">Si quieres conocer el <strong>listado de alumnos<\/strong> que constituyen la Junta, <a href=\"http:\/\/www.benarabi.org\/wp-content\/uploads\/2015\/11\/Delegados15-16.pdf\">pincha aqu\u00ed.<\/a><\/p>\n<p style=\"text-align: justify;\"><!--more-->En esta primera reuni\u00f3n adem\u00e1s de constituirse la Junta, se trataron temas de gran inter\u00e9s como las funciones de los delegados de cada grupo, la nueva convocatoria de becas de Corresponsales Juveniles, actuaciones llevadas a cabo relacionadas con los programas del Centro de Educaci\u00f3n para la Salud (campa\u00f1a de h\u00e1bitos saludables y primeros auxilios) y CAF-educaci\u00f3n (Buz\u00f3n de Q\/S\/F), \u2026<\/p>\n","protected":false},"excerpt":{"rendered":"<p>El pasado mi\u00e9rcoles 4 de noviembre se constituy\u00f3 la Junta de delegados para el curso 2015-16. Est\u00e1 integrada por los delegados de los distintos grupos y por los representantes de los alumnos en el Consejo Escolar. El Presidente de la misma es el alumno m\u00e1s votado entre los elegidos en el Consejo Escolar, Nerea Leguey [&hellip;]<\/p>\n","protected":false},"author":1,"featured_media":0,"comment_status":"closed","ping_status":"open","sticky":false,"template":"","format":"standard","meta":{"footnotes":""},"categories":[1],"tags":[],"class_list":["post-4044","post","type-post","status-publish","format-standard","hentry","category-sin-categoria"],"_links":{"self":[{"href":"https:\/\/www.benarabi.org\/index.php?rest_route=\/wp\/v2\/posts\/4044","targetHints":{"allow":["GET"]}}],"collection":[{"href":"https:\/\/www.benarabi.org\/index.php?rest_route=\/wp\/v2\/posts"}],"about":[{"href":"https:\/\/www.benarabi.org\/index.php?rest_route=\/wp\/v2\/types\/post"}],"author":[{"embeddable":true,"href":"https:\/\/www.benarabi.org\/index.php?rest_route=\/wp\/v2\/users\/1"}],"replies":[{"embeddable":true,"href":"https:\/\/www.benarabi.org\/index.php?rest_route=%2Fwp%2Fv2%2Fcomments&post=4044"}],"version-history":[{"count":2,"href":"https:\/\/www.benarabi.org\/index.php?rest_route=\/wp\/v2\/posts\/4044\/revisions"}],"predecessor-version":[{"id":4048,"href":"https:\/\/www.benarabi.org\/index.php?rest_route=\/wp\/v2\/posts\/4044\/revisions\/4048"}],"wp:attachment":[{"href":"https:\/\/www.benarabi.org\/index.php?rest_route=%2Fwp%2Fv2%2Fmedia&parent=4044"}],"wp:term":[{"taxonomy":"category","embeddable":true,"href":"https:\/\/www.benarabi.org\/index.php?rest_route=%2Fwp%2Fv2%2Fcategories&post=4044"},{"taxonomy":"post_tag","embeddable":true,"href":"https:\/\/www.benarabi.org\/index.php?rest_route=%2Fwp%2Fv2%2Ftags&post=4044"}],"curies":[{"name":"wp","href":"https:\/\/api.w.org\/{rel}","templated":true}]}}