{"id":4222,"date":"2016-01-20T09:28:16","date_gmt":"2016-01-20T08:28:16","guid":{"rendered":"http:\/\/www.benarabi.org\/?p=4222"},"modified":"2016-01-20T21:22:47","modified_gmt":"2016-01-20T20:22:47","slug":"v-semana-cultural-el-mar-y-dia-del-centro","status":"publish","type":"post","link":"https:\/\/www.benarabi.org\/?p=4222","title":{"rendered":"V Semana Cultural \u201cEl Mar\u201d y D\u00eda del Centro"},"content":{"rendered":"<p><a href=\"http:\/\/www.benarabi.org\/wp-content\/uploads\/2016\/01\/imagen_semana-cultural-15-16.jpg\"><img loading=\"lazy\" decoding=\"async\" class=\"alignleft size-thumbnail wp-image-4223\" src=\"http:\/\/www.benarabi.org\/wp-content\/uploads\/2016\/01\/imagen_semana-cultural-15-16-150x150.jpg\" alt=\"imagen_semana cultural 15-16\" width=\"150\" height=\"150\" \/><\/a>Del 25 al 28 de enero, tendr\u00e1 lugar la V Semana Cultural de nuestro instituto, que este a\u00f1o lleva por t\u00edtulo: \u201cEl Mar\u201d.<br \/>\nDurante estos d\u00edas, el objetivo fundamental es que nuestros alumnos conozcan y\u00a0trabajen, a trav\u00e9s de las distintas \u00e1reas del curr\u00edculo, la importancia y riqueza del mar para el ser humano.<br \/>\nEl jueves 28 de enero, coincidiendo con la Semana Cultural, se celebrar\u00e1 el D\u00eda del Centro, en el que se realizar\u00e1n una gran cantidad de actividades dirigidas a toda la comunidad educativa.<br \/>\nSi quieres ver el Programa completo y detallado de la Semana Cultural y del D\u00eda del Centro,<a href=\"http:\/\/www.benarabi.org\/wp-content\/uploads\/2016\/01\/SEMANA-CULTURAL-D\u00cdA-DEL-CENTRO-2016.docx\"> pincha aqu\u00ed.<\/a><\/p>\n","protected":false},"excerpt":{"rendered":"<p>Del 25 al 28 de enero, tendr\u00e1 lugar la V Semana Cultural de nuestro instituto, que este a\u00f1o lleva por t\u00edtulo: \u201cEl Mar\u201d. Durante estos d\u00edas, el objetivo fundamental es que nuestros alumnos conozcan y\u00a0trabajen, a trav\u00e9s de las distintas \u00e1reas del curr\u00edculo, la importancia y riqueza del mar para el ser humano. El jueves [&hellip;]<\/p>\n","protected":false},"author":1,"featured_media":0,"comment_status":"closed","ping_status":"open","sticky":false,"template":"","format":"standard","meta":{"footnotes":""},"categories":[1],"tags":[],"class_list":["post-4222","post","type-post","status-publish","format-standard","hentry","category-sin-categoria"],"_links":{"self":[{"href":"https:\/\/www.benarabi.org\/index.php?rest_route=\/wp\/v2\/posts\/4222","targetHints":{"allow":["GET"]}}],"collection":[{"href":"https:\/\/www.benarabi.org\/index.php?rest_route=\/wp\/v2\/posts"}],"about":[{"href":"https:\/\/www.benarabi.org\/index.php?rest_route=\/wp\/v2\/types\/post"}],"author":[{"embeddable":true,"href":"https:\/\/www.benarabi.org\/index.php?rest_route=\/wp\/v2\/users\/1"}],"replies":[{"embeddable":true,"href":"https:\/\/www.benarabi.org\/index.php?rest_route=%2Fwp%2Fv2%2Fcomments&post=4222"}],"version-history":[{"count":2,"href":"https:\/\/www.benarabi.org\/index.php?rest_route=\/wp\/v2\/posts\/4222\/revisions"}],"predecessor-version":[{"id":4227,"href":"https:\/\/www.benarabi.org\/index.php?rest_route=\/wp\/v2\/posts\/4222\/revisions\/4227"}],"wp:attachment":[{"href":"https:\/\/www.benarabi.org\/index.php?rest_route=%2Fwp%2Fv2%2Fmedia&parent=4222"}],"wp:term":[{"taxonomy":"category","embeddable":true,"href":"https:\/\/www.benarabi.org\/index.php?rest_route=%2Fwp%2Fv2%2Fcategories&post=4222"},{"taxonomy":"post_tag","embeddable":true,"href":"https:\/\/www.benarabi.org\/index.php?rest_route=%2Fwp%2Fv2%2Ftags&post=4222"}],"curies":[{"name":"wp","href":"https:\/\/api.w.org\/{rel}","templated":true}]}}