{"id":4254,"date":"2016-02-19T10:46:51","date_gmt":"2016-02-19T09:46:51","guid":{"rendered":"http:\/\/www.benarabi.org\/?p=4254"},"modified":"2016-02-19T10:51:32","modified_gmt":"2016-02-19T09:51:32","slug":"listados-provisionales-pruebas-de-acceso-a-ciclos-formativos-de-grado-medio-y-superior","status":"publish","type":"post","link":"https:\/\/www.benarabi.org\/?p=4254","title":{"rendered":"Listados provisionales Pruebas de Acceso a Ciclos Formativos de Grado Medio y Superior"},"content":{"rendered":"<p style=\"text-align: justify;\"><a href=\"http:\/\/www.benarabi.org\/wp-content\/uploads\/2016\/02\/imagen-ciclos-formativos.jpg\"><img loading=\"lazy\" decoding=\"async\" class=\"alignleft wp-image-4255 size-full\" src=\"http:\/\/www.benarabi.org\/wp-content\/uploads\/2016\/02\/imagen-ciclos-formativos-e1455875200475.jpg\" alt=\"imagen ciclos formativos\" width=\"150\" height=\"162\" \/><\/a>Se han publicado los\u00a0<strong>listados provisionales<\/strong>\u00a0de admitidos y excluidos a las pruebas de acceso a Grado Medio y Superior.<\/p>\n<p style=\"text-align: justify;\"><strong>Los aspirantes que no estuvieran conformes con los listados provisionales de admitidos y excluidos, podr\u00e1n presentar reclamaci\u00f3n en el plazo desde el viernes 19 de febrero hasta el martes 23 de febrero de 2016<\/strong><strong>.<\/strong><\/p>\n<p style=\"text-align: justify;\"><strong>La reclamaci\u00f3n ir\u00e1 dirigida al Servicio de Formaci\u00f3n Profesional de la Direcci\u00f3n General de Calidad Educativa y Formaci\u00f3n\u00a0Profesional, y se presentar\u00e1 en los registros recogidos en la base quinta de la Resoluci\u00f3n. <\/strong><\/p>\n<p style=\"text-align: justify;\"><strong>Al mismo tiempo, se habilitar\u00e1 un correo electr\u00f3nico, asunto \u00abreclamaci\u00f3n lista\u00a0admitidos\u00bb (admisionfp@murciaeduca.es), para que una vez presentada en el registro oficial, se adelante por esta v\u00eda con el fin de agilizar el proceso, debe quedar reflejado\u00a0claramente el sello o registro de entrada del documento aportado.<\/strong><\/p>\n<p style=\"text-align: justify;\"><strong>Si quieres ver los listados de admitidos y excluidos, <a href=\"http:\/\/www.carm.es\/web\/pagina?IDCONTENIDO=42011&amp;IDTIPO=100&amp;RASTRO=c816$m17010,27281\" target=\"_blank\">pincha aqu\u00ed<\/a>.<\/strong><\/p>\n","protected":false},"excerpt":{"rendered":"<p>Se han publicado los\u00a0listados provisionales\u00a0de admitidos y excluidos a las pruebas de acceso a Grado Medio y Superior. Los aspirantes que no estuvieran conformes con los listados provisionales de admitidos y excluidos, podr\u00e1n presentar reclamaci\u00f3n en el plazo desde el viernes 19 de febrero hasta el martes 23 de febrero de 2016. La reclamaci\u00f3n ir\u00e1 [&hellip;]<\/p>\n","protected":false},"author":1,"featured_media":0,"comment_status":"closed","ping_status":"open","sticky":false,"template":"","format":"standard","meta":{"footnotes":""},"categories":[1],"tags":[],"class_list":["post-4254","post","type-post","status-publish","format-standard","hentry","category-sin-categoria"],"_links":{"self":[{"href":"https:\/\/www.benarabi.org\/index.php?rest_route=\/wp\/v2\/posts\/4254","targetHints":{"allow":["GET"]}}],"collection":[{"href":"https:\/\/www.benarabi.org\/index.php?rest_route=\/wp\/v2\/posts"}],"about":[{"href":"https:\/\/www.benarabi.org\/index.php?rest_route=\/wp\/v2\/types\/post"}],"author":[{"embeddable":true,"href":"https:\/\/www.benarabi.org\/index.php?rest_route=\/wp\/v2\/users\/1"}],"replies":[{"embeddable":true,"href":"https:\/\/www.benarabi.org\/index.php?rest_route=%2Fwp%2Fv2%2Fcomments&post=4254"}],"version-history":[{"count":3,"href":"https:\/\/www.benarabi.org\/index.php?rest_route=\/wp\/v2\/posts\/4254\/revisions"}],"predecessor-version":[{"id":4258,"href":"https:\/\/www.benarabi.org\/index.php?rest_route=\/wp\/v2\/posts\/4254\/revisions\/4258"}],"wp:attachment":[{"href":"https:\/\/www.benarabi.org\/index.php?rest_route=%2Fwp%2Fv2%2Fmedia&parent=4254"}],"wp:term":[{"taxonomy":"category","embeddable":true,"href":"https:\/\/www.benarabi.org\/index.php?rest_route=%2Fwp%2Fv2%2Fcategories&post=4254"},{"taxonomy":"post_tag","embeddable":true,"href":"https:\/\/www.benarabi.org\/index.php?rest_route=%2Fwp%2Fv2%2Ftags&post=4254"}],"curies":[{"name":"wp","href":"https:\/\/api.w.org\/{rel}","templated":true}]}}