{"id":4275,"date":"2016-02-24T11:04:29","date_gmt":"2016-02-24T10:04:29","guid":{"rendered":"http:\/\/www.benarabi.org\/?p=4275"},"modified":"2016-02-24T11:05:03","modified_gmt":"2016-02-24T10:05:03","slug":"nuestros-alumnos-asisten-a-la-semana-de-cine-espiritual","status":"publish","type":"post","link":"https:\/\/www.benarabi.org\/?p=4275","title":{"rendered":"Nuestros alumnos asisten a la Semana de Cine Espiritual"},"content":{"rendered":"<p style=\"text-align: justify;\"><a href=\"http:\/\/www.benarabi.org\/wp-content\/uploads\/2016\/02\/Fere_Cancion-mar.jpg\"><img loading=\"lazy\" decoding=\"async\" class=\"alignleft size-thumbnail wp-image-4276\" src=\"http:\/\/www.benarabi.org\/wp-content\/uploads\/2016\/02\/Fere_Cancion-mar-150x150.jpg\" alt=\"Fere_Cancion-mar\" width=\"150\" height=\"150\" \/><\/a>La\u00a0<strong>Semana del Cine Espiritual<\/strong>\u00a0surgi\u00f3 como iniciativa de un grupo de profesores de Comunicaci\u00f3n, Teolog\u00eda y Ciencia de la Educaci\u00f3n, as\u00ed como de aficionados y profesionales del cine que se plantearon la importancia del s\u00e9ptimo arte en la comunicaci\u00f3n de valores espirituales. No confundir cine espiritual con cine religioso. El cine espiritual va m\u00e1s all\u00e1 del cine religioso.<\/p>\n<p style=\"text-align: justify;\"><strong>El objetivo<\/strong>\u00a0de la Semana de Cine Espiritual es apoyar y animar iniciativas para el di\u00e1logo con los adolescentes y j\u00f3venes, que son sus principales destinatarios. \u201cLa vida vista con arte cinematogr\u00e1fico\u201d. De ah\u00ed que las sesiones sean por la ma\u00f1ana en salas de cine, como si se tratase de una clase.<\/p>\n<p style=\"text-align: justify;\">Este a\u00f1o hemos visto, con los alumn@s que cursan la materia de Religi\u00f3n de 1\u00baESO,\u00a0 la pel\u00edcula \u201cLa canci\u00f3n del mar\u201d.<\/p>\n<p style=\"text-align: justify;\">Hasta el a\u00f1o que viene en una nueva edici\u00f3n.<\/p>\n<p style=\"text-align: justify;\">Armando Meca Solano<\/p>\n<p style=\"text-align: justify;\">Profesor de Religi\u00f3n<!--more--><\/p>\n<p style=\"text-align: justify;\">La leyenda celta de los ni\u00f1os-foca contada desde la historia de una familia. Despu\u00e9s de la desaparici\u00f3n de su madre, Ben y Saoirse son enviados a vivir con su abuela a la ciudad. Cuando deciden volver a su casa junto al mar, su viaje se convierte en una carrera contra el tiempo a medida que se internan en un mundo que Ben s\u00f3lo conoce a trav\u00e9s de las historias y las canciones que le narraba su madre. Pero \u00e9ste no es un cuento para dormir; estas criaturas llevan en nuestro mundo demasiado tiempo. Ben pronto se da cuenta de que Saoirse ser\u00e1 la clave para su supervivencia. Sobre el fondo de un relato fant\u00e1stico se nos muestra la fuerza del perd\u00f3n, la fraternidad como relaci\u00f3n b\u00e1sica, la importancia de la familia y la aceptaci\u00f3n de las p\u00e9rdidas.<\/p>\n","protected":false},"excerpt":{"rendered":"<p>La\u00a0Semana del Cine Espiritual\u00a0surgi\u00f3 como iniciativa de un grupo de profesores de Comunicaci\u00f3n, Teolog\u00eda y Ciencia de la Educaci\u00f3n, as\u00ed como de aficionados y profesionales del cine que se plantearon la importancia del s\u00e9ptimo arte en la comunicaci\u00f3n de valores espirituales. No confundir cine espiritual con cine religioso. El cine espiritual va m\u00e1s all\u00e1 del [&hellip;]<\/p>\n","protected":false},"author":1,"featured_media":0,"comment_status":"closed","ping_status":"open","sticky":false,"template":"","format":"standard","meta":{"footnotes":""},"categories":[1],"tags":[],"class_list":["post-4275","post","type-post","status-publish","format-standard","hentry","category-sin-categoria"],"_links":{"self":[{"href":"https:\/\/www.benarabi.org\/index.php?rest_route=\/wp\/v2\/posts\/4275","targetHints":{"allow":["GET"]}}],"collection":[{"href":"https:\/\/www.benarabi.org\/index.php?rest_route=\/wp\/v2\/posts"}],"about":[{"href":"https:\/\/www.benarabi.org\/index.php?rest_route=\/wp\/v2\/types\/post"}],"author":[{"embeddable":true,"href":"https:\/\/www.benarabi.org\/index.php?rest_route=\/wp\/v2\/users\/1"}],"replies":[{"embeddable":true,"href":"https:\/\/www.benarabi.org\/index.php?rest_route=%2Fwp%2Fv2%2Fcomments&post=4275"}],"version-history":[{"count":2,"href":"https:\/\/www.benarabi.org\/index.php?rest_route=\/wp\/v2\/posts\/4275\/revisions"}],"predecessor-version":[{"id":4278,"href":"https:\/\/www.benarabi.org\/index.php?rest_route=\/wp\/v2\/posts\/4275\/revisions\/4278"}],"wp:attachment":[{"href":"https:\/\/www.benarabi.org\/index.php?rest_route=%2Fwp%2Fv2%2Fmedia&parent=4275"}],"wp:term":[{"taxonomy":"category","embeddable":true,"href":"https:\/\/www.benarabi.org\/index.php?rest_route=%2Fwp%2Fv2%2Fcategories&post=4275"},{"taxonomy":"post_tag","embeddable":true,"href":"https:\/\/www.benarabi.org\/index.php?rest_route=%2Fwp%2Fv2%2Ftags&post=4275"}],"curies":[{"name":"wp","href":"https:\/\/api.w.org\/{rel}","templated":true}]}}