{"id":4283,"date":"2016-02-26T09:30:48","date_gmt":"2016-02-26T08:30:48","guid":{"rendered":"http:\/\/www.benarabi.org\/?p=4283"},"modified":"2016-02-26T09:30:48","modified_gmt":"2016-02-26T08:30:48","slug":"entrega-de-diplomas-bachibac","status":"publish","type":"post","link":"https:\/\/www.benarabi.org\/?p=4283","title":{"rendered":"Entrega de diplomas Bachibac"},"content":{"rendered":"<p style=\"text-align: justify;\"><a href=\"http:\/\/www.benarabi.org\/wp-content\/uploads\/2016\/02\/imagen-bachibac-4.jpg\"><img loading=\"lazy\" decoding=\"async\" class=\"alignleft wp-image-4284 size-full\" src=\"http:\/\/www.benarabi.org\/wp-content\/uploads\/2016\/02\/imagen-bachibac-4-e1456475345210.jpg\" alt=\"imagen bachibac 4\" width=\"150\" height=\"80\" \/><\/a>El pasado lunes 22 de febrero, la Consejer\u00eda de Educaci\u00f3n y Universidades de Murcia celebr\u00f3 la entrega de diplomas a los 49 alumnos de la Regi\u00f3n que el curso pasado 2014-15 obtuvieron la doble titulaci\u00f3n de Bachiller-Baccalaur\u00e9at.<\/p>\n<p style=\"text-align: justify;\">En nuestro instituto se trata de la cuarta promoci\u00f3n que logra completar esta formaci\u00f3n biling\u00fce en espa\u00f1ol y franc\u00e9s.<\/p>\n<p style=\"text-align: justify;\">El acto fue presidido por la consejera de Educaci\u00f3n y Universidades, D\u00aa M\u00aa Isabel \u00a0S\u00e1nchez-Mora y tuvo lugar en el sal\u00f3n de actos del Museo Arqueol\u00f3gico de Murcia. Adem\u00e1s asistieron los directores de los centros, los profesores de BachiBac y dem\u00e1s autoridades.<\/p>\n<p style=\"text-align: justify;\">En la actualidad, tres institutos de la Regi\u00f3n imparten esta modalidad internacional de Bachillerato, el IES Ben Arabi de Cartagena y los institutos Alfonso X El Sabio y Mariano Baquero de Murcia.<\/p>\n<p style=\"text-align: justify;\">\u00a1Nuestra Enhorabuena a todos!\u00bb<!--more--><\/p>\n<p style=\"text-align: justify;\">La consejera de Educaci\u00f3n y Universidades explic\u00f3 que \u00abel programa &#8216;Bachibac&#8217; ofrece al alumnado la posibilidad de alcanzar simult\u00e1neamente los dos t\u00edtulos al t\u00e9rmino de los estudios secundarios, lo que posibilita el acceso a los estudios superiores, a la formaci\u00f3n y a la actividad profesional\u00bb.<\/p>\n<p style=\"text-align: justify;\">As\u00ed, la Regi\u00f3n de Murcia, junto con Catalu\u00f1a, es pionera en la implantaci\u00f3n de este programa de ense\u00f1anza en el que los alumnos, adem\u00e1s de la doble titulaci\u00f3n, alcanzan el nivel B2 de franc\u00e9s. Una iniciativa a la que tambi\u00e9n se han incorporado las comunidades aut\u00f3nomas de Madrid, Castilla y Le\u00f3n, Andaluc\u00eda y Asturias. El programa de doble titulaci\u00f3n nace de un acuerdo entre los gobiernos de Espa\u00f1a y de Francia para obtener la doble titulaci\u00f3n, de Bachiller y de Baccalaur\u00e9at, que se suscribi\u00f3 en 2008.<\/p>\n<p style=\"text-align: justify;\">S\u00e1nchez-Mora reconoci\u00f3 \u00abel importante esfuerzo que han realizado los alumnos para obtener esta doble titulaci\u00f3n, y el trabajo desarrollado por los equipos directivos y docentes que imparten esta modalidad de Bachillerato\u00bb.<\/p>\n<p style=\"text-align: justify;\">En el presente curso escolar, 144 alumnos cursan Bachiller-Baccalaur\u00e9at en la Regi\u00f3n de Murcia, una modalidad en la que, adem\u00e1s de las materias habituales, cursan lengua e historia francesa.<\/p>\n<p style=\"text-align: justify;\">Asimismo, S\u00e1nchez-Mora agradeci\u00f3 al profesorado su \u00abgran implicaci\u00f3n en el desarrollo de este tipo de programas con el fin de motivar al alumnado a desarrollar destrezas comunicativas en una lengua extranjera\u00bb y asegur\u00f3 que \u00abson el futuro de la educaci\u00f3n de los j\u00f3venes\u00bb.<\/p>\n<div id='gallery-1' class='gallery galleryid-4283 gallery-columns-4 gallery-size-thumbnail'><figure class='gallery-item'>\n\t\t\t<div class='gallery-icon landscape'>\n\t\t\t\t<a href='https:\/\/www.benarabi.org\/?attachment_id=4287'><img loading=\"lazy\" decoding=\"async\" width=\"141\" height=\"141\" src=\"https:\/\/www.benarabi.org\/wp-content\/uploads\/2016\/02\/IMG-20160222-WA0017-150x150.jpg\" class=\"attachment-thumbnail size-thumbnail\" alt=\"\" \/><\/a>\n\t\t\t<\/div><\/figure><figure class='gallery-item'>\n\t\t\t<div class='gallery-icon landscape'>\n\t\t\t\t<a href='https:\/\/www.benarabi.org\/?attachment_id=4286'><img loading=\"lazy\" decoding=\"async\" width=\"150\" height=\"92\" src=\"https:\/\/www.benarabi.org\/wp-content\/uploads\/2016\/02\/imgen-bachibac3-150x92.jpg\" class=\"attachment-thumbnail size-thumbnail\" alt=\"\" \/><\/a>\n\t\t\t<\/div><\/figure><figure class='gallery-item'>\n\t\t\t<div class='gallery-icon landscape'>\n\t\t\t\t<a href='https:\/\/www.benarabi.org\/?attachment_id=4285'><img loading=\"lazy\" decoding=\"async\" width=\"141\" height=\"141\" src=\"https:\/\/www.benarabi.org\/wp-content\/uploads\/2016\/02\/imagen-bachibac-41-150x150.jpg\" class=\"attachment-thumbnail size-thumbnail\" alt=\"\" \/><\/a>\n\t\t\t<\/div><\/figure><figure class='gallery-item'>\n\t\t\t<div class='gallery-icon landscape'>\n\t\t\t\t<a href='https:\/\/www.benarabi.org\/?attachment_id=4284'><img loading=\"lazy\" decoding=\"async\" width=\"141\" height=\"141\" src=\"https:\/\/www.benarabi.org\/wp-content\/uploads\/2016\/02\/imagen-bachibac-4-150x150.jpg\" class=\"attachment-thumbnail size-thumbnail\" alt=\"\" \/><\/a>\n\t\t\t<\/div><\/figure>\n\t\t<\/div>\n\n","protected":false},"excerpt":{"rendered":"<p>El pasado lunes 22 de febrero, la Consejer\u00eda de Educaci\u00f3n y Universidades de Murcia celebr\u00f3 la entrega de diplomas a los 49 alumnos de la Regi\u00f3n que el curso pasado 2014-15 obtuvieron la doble titulaci\u00f3n de Bachiller-Baccalaur\u00e9at. En nuestro instituto se trata de la cuarta promoci\u00f3n que logra completar esta formaci\u00f3n biling\u00fce en espa\u00f1ol y [&hellip;]<\/p>\n","protected":false},"author":1,"featured_media":0,"comment_status":"closed","ping_status":"open","sticky":false,"template":"","format":"standard","meta":{"footnotes":""},"categories":[1],"tags":[],"class_list":["post-4283","post","type-post","status-publish","format-standard","hentry","category-sin-categoria"],"_links":{"self":[{"href":"https:\/\/www.benarabi.org\/index.php?rest_route=\/wp\/v2\/posts\/4283","targetHints":{"allow":["GET"]}}],"collection":[{"href":"https:\/\/www.benarabi.org\/index.php?rest_route=\/wp\/v2\/posts"}],"about":[{"href":"https:\/\/www.benarabi.org\/index.php?rest_route=\/wp\/v2\/types\/post"}],"author":[{"embeddable":true,"href":"https:\/\/www.benarabi.org\/index.php?rest_route=\/wp\/v2\/users\/1"}],"replies":[{"embeddable":true,"href":"https:\/\/www.benarabi.org\/index.php?rest_route=%2Fwp%2Fv2%2Fcomments&post=4283"}],"version-history":[{"count":1,"href":"https:\/\/www.benarabi.org\/index.php?rest_route=\/wp\/v2\/posts\/4283\/revisions"}],"predecessor-version":[{"id":4289,"href":"https:\/\/www.benarabi.org\/index.php?rest_route=\/wp\/v2\/posts\/4283\/revisions\/4289"}],"wp:attachment":[{"href":"https:\/\/www.benarabi.org\/index.php?rest_route=%2Fwp%2Fv2%2Fmedia&parent=4283"}],"wp:term":[{"taxonomy":"category","embeddable":true,"href":"https:\/\/www.benarabi.org\/index.php?rest_route=%2Fwp%2Fv2%2Fcategories&post=4283"},{"taxonomy":"post_tag","embeddable":true,"href":"https:\/\/www.benarabi.org\/index.php?rest_route=%2Fwp%2Fv2%2Ftags&post=4283"}],"curies":[{"name":"wp","href":"https:\/\/api.w.org\/{rel}","templated":true}]}}