{"id":4300,"date":"2016-03-01T10:09:56","date_gmt":"2016-03-01T09:09:56","guid":{"rendered":"http:\/\/www.benarabi.org\/?p=4300"},"modified":"2016-03-01T10:30:36","modified_gmt":"2016-03-01T09:30:36","slug":"becas-para-alumnos-y-profesores-label-france-education","status":"publish","type":"post","link":"https:\/\/www.benarabi.org\/?p=4300","title":{"rendered":"Becas para alumnos y profesores: \u201cLabel France Education\u201d"},"content":{"rendered":"<p style=\"text-align: justify;\"><a href=\"http:\/\/www.benarabi.org\/wp-content\/uploads\/2016\/03\/logo1.jpg\"><img loading=\"lazy\" decoding=\"async\" class=\"alignleft wp-image-4306 size-full\" src=\"http:\/\/www.benarabi.org\/wp-content\/uploads\/2016\/03\/logo1-e1456824630688.jpg\" alt=\"logo\" width=\"300\" height=\"53\" \/><\/a>Tras haber sido seleccionado, como uno de los Centros Educativos merecedores del sello \u201cLabel France Education\u201d y pertenecer a la Red mundial de Centros Label France Education, nuestro instituto va a empezar a contar con algunas de las ventajas que ello supone.<\/p>\n<p style=\"text-align: justify;\">Entre una de ellas, la Embajada de Francia y el Institut Fran\u00e7ais d\u2019Espagne ofrecen una beca de estudios para un campamento de verano en Francia (Cannes) para un alumno de nuestro Centro. El Instituto Ben Arab\u00ed ofrece esta beca y la pone a disposici\u00f3n de los alumnos para que opten a ella. La estancia ser\u00e1 de 15 d\u00edas, del 7 al 20 de agosto, en el Centro Internacional de Antibes.<\/p>\n<p style=\"text-align: justify;\">Adem\u00e1s, se ha ofrecido una invitaci\u00f3n a un profesor del Centro para participar en las Jornadas mundiales de los centros Label Franc\u00c9ducation. La Jornadas se realizar\u00e1n durante los d\u00edas 20 y 21 de junio.<\/p>\n<p style=\"text-align: justify;\">Ambas acciones podr\u00e1n ser disfrutadas, tanto por alumnos como por profesores del Centro, que obtendr\u00e1n grandes beneficios.<\/p>\n<p style=\"text-align: justify;\">Esperamos que supongan el comienzo de toda una serie de servicios que refuercen la calidad de la ense\u00f1anza biling\u00fce en franc\u00e9s.<\/p>\n<p style=\"text-align: justify;\">Si quieres conocer la informaci\u00f3n detallada de la beca de alumnos, <a href=\"https:\/\/docs.google.com\/a\/murciaeduca.es\/viewer?a=v&amp;pid=sites&amp;srcid=bXVyY2lhZWR1Y2EuZXN8bGFiZWwtZnJhbmNlZHVjYXRpb258Z3g6N2VjMDU1NTkyYmViNjc1MA\" target=\"_blank\">pincha aqu\u00ed<\/a>.<\/p>\n<p style=\"text-align: justify;\">Si quieres conocer la informaci\u00f3n sobre el proceso de selecci\u00f3n para la beca, <a href=\"https:\/\/docs.google.com\/viewer?a=v&amp;pid=sites&amp;srcid=bXVyY2lhZWR1Y2EuZXN8bGFiZWwtZnJhbmNlZHVjYXRpb258Z3g6NDk4YThiNDgyNzMxZjVjOA\" target=\"_blank\">pincha aqu\u00ed<\/a>.<\/p>\n<p style=\"text-align: justify;\">Si quieres conocer la informaci\u00f3n detallada de la beca de profesores, <a href=\"https:\/\/docs.google.com\/viewer?a=v&amp;pid=sites&amp;srcid=bXVyY2lhZWR1Y2EuZXN8bGFiZWwtZnJhbmNlZHVjYXRpb258Z3g6MjEzYjcyZGNjOTBiMGU1ZQ\" target=\"_blank\">pincha aqu\u00ed<\/a>.<\/p>\n","protected":false},"excerpt":{"rendered":"<p>Tras haber sido seleccionado, como uno de los Centros Educativos merecedores del sello \u201cLabel France Education\u201d y pertenecer a la Red mundial de Centros Label France Education, nuestro instituto va a empezar a contar con algunas de las ventajas que ello supone. Entre una de ellas, la Embajada de Francia y el Institut Fran\u00e7ais d\u2019Espagne [&hellip;]<\/p>\n","protected":false},"author":1,"featured_media":0,"comment_status":"closed","ping_status":"open","sticky":false,"template":"","format":"standard","meta":{"footnotes":""},"categories":[1],"tags":[],"class_list":["post-4300","post","type-post","status-publish","format-standard","hentry","category-sin-categoria"],"_links":{"self":[{"href":"https:\/\/www.benarabi.org\/index.php?rest_route=\/wp\/v2\/posts\/4300","targetHints":{"allow":["GET"]}}],"collection":[{"href":"https:\/\/www.benarabi.org\/index.php?rest_route=\/wp\/v2\/posts"}],"about":[{"href":"https:\/\/www.benarabi.org\/index.php?rest_route=\/wp\/v2\/types\/post"}],"author":[{"embeddable":true,"href":"https:\/\/www.benarabi.org\/index.php?rest_route=\/wp\/v2\/users\/1"}],"replies":[{"embeddable":true,"href":"https:\/\/www.benarabi.org\/index.php?rest_route=%2Fwp%2Fv2%2Fcomments&post=4300"}],"version-history":[{"count":5,"href":"https:\/\/www.benarabi.org\/index.php?rest_route=\/wp\/v2\/posts\/4300\/revisions"}],"predecessor-version":[{"id":4307,"href":"https:\/\/www.benarabi.org\/index.php?rest_route=\/wp\/v2\/posts\/4300\/revisions\/4307"}],"wp:attachment":[{"href":"https:\/\/www.benarabi.org\/index.php?rest_route=%2Fwp%2Fv2%2Fmedia&parent=4300"}],"wp:term":[{"taxonomy":"category","embeddable":true,"href":"https:\/\/www.benarabi.org\/index.php?rest_route=%2Fwp%2Fv2%2Fcategories&post=4300"},{"taxonomy":"post_tag","embeddable":true,"href":"https:\/\/www.benarabi.org\/index.php?rest_route=%2Fwp%2Fv2%2Ftags&post=4300"}],"curies":[{"name":"wp","href":"https:\/\/api.w.org\/{rel}","templated":true}]}}