{"id":4315,"date":"2016-03-30T16:23:48","date_gmt":"2016-03-30T14:23:48","guid":{"rendered":"http:\/\/www.benarabi.org\/?p=4315"},"modified":"2016-03-30T16:24:35","modified_gmt":"2016-03-30T14:24:35","slug":"ii-certamen-de-poesia-aula-miguel-hernandez","status":"publish","type":"post","link":"https:\/\/www.benarabi.org\/?p=4315","title":{"rendered":"II Certamen de Poes\u00eda \u201cAula Miguel Hern\u00e1ndez\u201d"},"content":{"rendered":"<p style=\"text-align: justify;\"><em><a href=\"http:\/\/www.benarabi.org\/wp-content\/uploads\/2016\/03\/imagen_MiguelHernandez.jpg\"><img loading=\"lazy\" decoding=\"async\" class=\"alignleft size-thumbnail wp-image-4316\" src=\"http:\/\/www.benarabi.org\/wp-content\/uploads\/2016\/03\/imagen_MiguelHernandez-150x150.jpg\" alt=\"imagen_MiguelHernandez\" width=\"150\" height=\"150\" \/><\/a>El IES Ben Arab\u00ed y la Fundaci\u00f3n Cultural Miguel Hern\u00e1ndez convocan el segundo certamen de poes\u00eda, dentro del programa de actividades del Aula de Estudios Hernandianos, que tiene su sede en este Instituto. El concurso est\u00e1 dirigido a alumnos que est\u00e9n matriculados en el centro durante el curso 2015\/2016. Se podr\u00e1n presentar poemas originales, con una extensi\u00f3n m\u00e1xima de veinte versos, y con el requisito de que los dos primeros versos deben pertenecer a la obra del gran poeta oriolano. El plazo de presentaci\u00f3n concluye el <strong>15 de abril<\/strong>, y el fallo del premio se llevar\u00e1 a cabo durante la semana de actividades del D\u00eda del Libro de 2016.<\/em><\/p>\n<p style=\"text-align: justify;\"><em>\u00a0<\/em><em>Si quieres ver la informaci\u00f3n completa y detallada de <strong>la convocatoria<\/strong>, <a href=\"http:\/\/www.benarabi.org\/wp-content\/uploads\/2016\/03\/II-CERTAMEN-DE-POESIA-ABRIL-2016.-AULA-MIGUEL-HERNANDEZpdf-1.pdf\">pincha aqu\u00ed<\/a>.<\/em><\/p>\n","protected":false},"excerpt":{"rendered":"<p>El IES Ben Arab\u00ed y la Fundaci\u00f3n Cultural Miguel Hern\u00e1ndez convocan el segundo certamen de poes\u00eda, dentro del programa de actividades del Aula de Estudios Hernandianos, que tiene su sede en este Instituto. El concurso est\u00e1 dirigido a alumnos que est\u00e9n matriculados en el centro durante el curso 2015\/2016. Se podr\u00e1n presentar poemas originales, con [&hellip;]<\/p>\n","protected":false},"author":1,"featured_media":0,"comment_status":"closed","ping_status":"open","sticky":false,"template":"","format":"standard","meta":{"footnotes":""},"categories":[1],"tags":[],"class_list":["post-4315","post","type-post","status-publish","format-standard","hentry","category-sin-categoria"],"_links":{"self":[{"href":"https:\/\/www.benarabi.org\/index.php?rest_route=\/wp\/v2\/posts\/4315","targetHints":{"allow":["GET"]}}],"collection":[{"href":"https:\/\/www.benarabi.org\/index.php?rest_route=\/wp\/v2\/posts"}],"about":[{"href":"https:\/\/www.benarabi.org\/index.php?rest_route=\/wp\/v2\/types\/post"}],"author":[{"embeddable":true,"href":"https:\/\/www.benarabi.org\/index.php?rest_route=\/wp\/v2\/users\/1"}],"replies":[{"embeddable":true,"href":"https:\/\/www.benarabi.org\/index.php?rest_route=%2Fwp%2Fv2%2Fcomments&post=4315"}],"version-history":[{"count":2,"href":"https:\/\/www.benarabi.org\/index.php?rest_route=\/wp\/v2\/posts\/4315\/revisions"}],"predecessor-version":[{"id":4319,"href":"https:\/\/www.benarabi.org\/index.php?rest_route=\/wp\/v2\/posts\/4315\/revisions\/4319"}],"wp:attachment":[{"href":"https:\/\/www.benarabi.org\/index.php?rest_route=%2Fwp%2Fv2%2Fmedia&parent=4315"}],"wp:term":[{"taxonomy":"category","embeddable":true,"href":"https:\/\/www.benarabi.org\/index.php?rest_route=%2Fwp%2Fv2%2Fcategories&post=4315"},{"taxonomy":"post_tag","embeddable":true,"href":"https:\/\/www.benarabi.org\/index.php?rest_route=%2Fwp%2Fv2%2Ftags&post=4315"}],"curies":[{"name":"wp","href":"https:\/\/api.w.org\/{rel}","templated":true}]}}