{"id":4320,"date":"2016-04-05T10:58:52","date_gmt":"2016-04-05T08:58:52","guid":{"rendered":"http:\/\/www.benarabi.org\/?p=4320"},"modified":"2016-04-05T16:20:54","modified_gmt":"2016-04-05T14:20:54","slug":"visita-cultural-a-caravaca-de-la-cruz-y-calasparra","status":"publish","type":"post","link":"https:\/\/www.benarabi.org\/?p=4320","title":{"rendered":"Visita cultural a Caravaca de la Cruz y Calasparra"},"content":{"rendered":"<p style=\"text-align: justify;\"><a href=\"http:\/\/www.benarabi.org\/wp-content\/uploads\/2016\/04\/IMG-PRINCIPAL.jpg\"><img loading=\"lazy\" decoding=\"async\" class=\"wp-image-4321 size-full alignleft\" src=\"http:\/\/www.benarabi.org\/wp-content\/uploads\/2016\/04\/IMG-PRINCIPAL-e1459846678687.jpg\" alt=\"IMG-PRINCIPAL\" width=\"150\" height=\"84\" \/><\/a>Los alumn@s que cursan el \u00e1rea de religi\u00f3n de 2\u00ba ESO estuvieron el d\u00eda 30 de marzo realizando una actividad complementaria con los objetivos de analizar y valorar las manifestaciones art\u00edsticas religiosas como expresiones de la fe del hombre dentro de su entorno geogr\u00e1fico; conocer el desarrollo de la religiosidad popular en diversos lugares de la regi\u00f3n; desarrollar el sentido cr\u00edtico antes las diferentes manifestaciones; tomar contacto real y cercano con la naturaleza; descubrir la riqueza que supone la convivencia, la amistad y el compartir; analizar el mensaje predominante en las fiestas, devociones y pr\u00e1cticas religiosas del entorno a visitar; actitud receptora ante el hecho religioso en general y ante el hecho cristiano, as\u00ed como ante cualquier manifestaci\u00f3n humana de la b\u00fasqueda de sentido y aprecio de los valores humanos expresados en los ritos, en los signos y en los testimonios religiosos.<\/p>\n<p style=\"text-align: justify;\">Armando Meca Solano<\/p>\n<p style=\"text-align: justify;\">Profesor de Religi\u00f3n<\/p>\n<p style=\"text-align: justify;\"><!--more-->El d\u00eda lo comenzamos a los pies de las\u00a0<strong>sierras del Gavil\u00e1n<\/strong>\u00a0y el\u00a0<strong>Buitre<\/strong>\u00a0donde se encuentra el paraje natural de Las Fuentes del Marqu\u00e9s. Este paraje esta situado a 2 kil\u00f3metros del casco urbano en direcci\u00f3n oeste.\u00a0Todo el parque est\u00e1 surcado por pistas y caminos que facilitan el acceso y la visita y disfrute de este precioso paraje, alguno de los cuales sirve de puerta a otras pistas forestales que se internan en los barrancos de la Sierra del Gavil\u00e1n (Barranco del Nevazo y Barranco del Agua).<\/p>\n<p style=\"text-align: justify;\">A continuaci\u00f3n nos dirigimos al <strong>Santuario de la Vera Cruz<\/strong> de Caravaca. Se encuentra situado en la cima de un mont\u00edculo amurallado, visible desde puntos distantes del enclave urbano, erigi\u00e9ndose en un lugar excepcional y un enclave de referencia. Constituye el n\u00facleo m\u00e1s importante de la ciudad por su significado hist\u00f3rico, cultural y religioso. A la explanada del Santuario se accede desde la Cuesta del Castillo.<\/p>\n<p style=\"text-align: justify;\">El castillo se remodelar\u00e1 durante el siglo XVII para albergar el Santuario. El templo actual fue erigido a partir de 1617, sobre la base del primitivo de la Vera Cruz, siendo el autor de la traza el arquitecto carmelita Fray Alberto de la Madre de Dios. Las obras dieron comienzo el\u00a016 de julio.<\/p>\n<p style=\"text-align: justify;\">El basti\u00f3n m\u00e1s moderno, la muralla, est\u00e1 datado en los inicios del siglo XIX, coincidiendo con la Guerra de la independencia.<\/p>\n<p style=\"text-align: justify;\">El 18 de marzo de 1944 es declarado Monumento Hist\u00f3rico Nacional.<\/p>\n<p style=\"text-align: justify;\">El Santuario, edificado en el siglo XVII en el interior de la antigua fortaleza medieval levantada por los musulmanes, tiene entrada por una puerta situada en la muralla que mira hacia poniente. Esta, recientemente restaurada, es de planta irregular y rodea el recinto, conservando catorce baluartes y torreones de \u00e9poca medieval, el m\u00e1s elevado de los cuales se halla en la parte Este y se conoce con el nombre de &#8216;Torre Chacona&#8217;.<\/p>\n<p style=\"text-align: justify;\">El Museo de la Vera Cruz est\u00e1 ubicado en la tradicional Casa del Capell\u00e1n, en el Santuario de la Vera Cruz, y se compone de tres salas dedicadas a la historia de la Sagrada Reliquia, al ajuar lit\u00fargico y a la arqueolog\u00eda del Santuario. Su colecci\u00f3n b\u00e1sica procede del antiguo Museo de Arte Sacro e Historia de la Vera Cruz.<\/p>\n<p style=\"text-align: justify;\">En el s\u00f3tano del museo encontramos restos arqueol\u00f3gicos de las murallas, torres y mazmorra del antiguo castillo medieval que existi\u00f3 bajo la actual iglesia y museo. Tambi\u00e9n se ha recuperado el foso de la Guerra de la Independencia, los grandes aljibes medievales, y la torre de las Toscas, donde se ubica la Oficina de Atenci\u00f3n al Peregrino.<\/p>\n<p style=\"text-align: justify;\"><strong>Seguidamente dirigimos nuestros pasos hac\u00eda el Santuario de Nuestra Se\u00f1ora de la esperanza (Calasparra).<\/strong> Los primeros datos escritos del Santuario de la Virgen de la Esperanza datan del siglo XVII, si bien existen fundamentos para pensar que la Virgen es venerada desde mucho antes.<\/p>\n<p style=\"text-align: justify;\">Cuenta la leyenda que un pastor que guardaba su ganado en estas cuevas, excavadas por las aguas del r\u00edo, encontr\u00f3 la imagen\u00a0 \u201cLa Peque\u00f1ica\u201d, seguramente olvidada por alg\u00fan caballero cristiano. El pastor comunic\u00f3 de su valioso hallazgo a las autoridades eclesi\u00e1sticas y civiles de Calasparra, que con los habitantes del pueblo vinieron alborozadas y quisieron llevarse la imagen para ser venerada en el pueblo. Dice la leyenda que la Virgen se hizo tan pesada para su tama\u00f1o, que todos comprendieron que era aqu\u00ed, en la cueva, donde deseaba ser venerada, y decidieron, por tanto, acondicionarla.<\/p>\n<p style=\"text-align: justify;\">El porqu\u00e9 y cu\u00e1ndo se coloc\u00f3 junto a la Virgen de la Esperanza (La Grande) la \u201cPeque\u00f1ica\u201d (La Aparecida), no se sabe con exactitud, pero s\u00ed se conoce que en el a\u00f1o 1786 ya se veneraban juntas, y que en 1840,\u00a0 fue nombrada la primera patrona de Calasparra.<\/p>\n<p style=\"text-align: justify;\">Despu\u00e9s de una buena comida y un merecido descanso vuelta a casa.<\/p>\n<div id='gallery-1' class='gallery galleryid-4320 gallery-columns-3 gallery-size-thumbnail'><figure class='gallery-item'>\n\t\t\t<div class='gallery-icon landscape'>\n\t\t\t\t<a href='https:\/\/www.benarabi.org\/?attachment_id=4321'><img loading=\"lazy\" decoding=\"async\" width=\"141\" height=\"141\" src=\"https:\/\/www.benarabi.org\/wp-content\/uploads\/2016\/04\/IMG-PRINCIPAL-150x150.jpg\" class=\"attachment-thumbnail size-thumbnail\" alt=\"\" \/><\/a>\n\t\t\t<\/div><\/figure><figure class='gallery-item'>\n\t\t\t<div class='gallery-icon landscape'>\n\t\t\t\t<a href='https:\/\/www.benarabi.org\/?attachment_id=4326'><img loading=\"lazy\" decoding=\"async\" width=\"141\" height=\"141\" src=\"https:\/\/www.benarabi.org\/wp-content\/uploads\/2016\/04\/IMG-20160330-WA0011-150x150.jpg\" class=\"attachment-thumbnail size-thumbnail\" alt=\"\" \/><\/a>\n\t\t\t<\/div><\/figure><figure class='gallery-item'>\n\t\t\t<div class='gallery-icon portrait'>\n\t\t\t\t<a href='https:\/\/www.benarabi.org\/?attachment_id=4324'><img loading=\"lazy\" decoding=\"async\" width=\"141\" height=\"141\" src=\"https:\/\/www.benarabi.org\/wp-content\/uploads\/2016\/04\/IMG-20160330-WA0009-150x150.jpg\" class=\"attachment-thumbnail size-thumbnail\" alt=\"\" \/><\/a>\n\t\t\t<\/div><\/figure><figure class='gallery-item'>\n\t\t\t<div class='gallery-icon portrait'>\n\t\t\t\t<a href='https:\/\/www.benarabi.org\/?attachment_id=4323'><img loading=\"lazy\" decoding=\"async\" width=\"141\" height=\"141\" src=\"https:\/\/www.benarabi.org\/wp-content\/uploads\/2016\/04\/IMG_20160330_153434-1-150x150.jpg\" class=\"attachment-thumbnail size-thumbnail\" alt=\"\" \/><\/a>\n\t\t\t<\/div><\/figure><figure class='gallery-item'>\n\t\t\t<div class='gallery-icon portrait'>\n\t\t\t\t<a href='https:\/\/www.benarabi.org\/?attachment_id=4322'><img loading=\"lazy\" decoding=\"async\" width=\"141\" height=\"141\" src=\"https:\/\/www.benarabi.org\/wp-content\/uploads\/2016\/04\/IMG-20160330-WA0010-150x150.jpg\" class=\"attachment-thumbnail size-thumbnail\" alt=\"\" \/><\/a>\n\t\t\t<\/div><\/figure>\n\t\t<\/div>\n\n","protected":false},"excerpt":{"rendered":"<p>Los alumn@s que cursan el \u00e1rea de religi\u00f3n de 2\u00ba ESO estuvieron el d\u00eda 30 de marzo realizando una actividad complementaria con los objetivos de analizar y valorar las manifestaciones art\u00edsticas religiosas como expresiones de la fe del hombre dentro de su entorno geogr\u00e1fico; conocer el desarrollo de la religiosidad popular en diversos lugares de [&hellip;]<\/p>\n","protected":false},"author":1,"featured_media":0,"comment_status":"closed","ping_status":"open","sticky":false,"template":"","format":"standard","meta":{"footnotes":""},"categories":[1],"tags":[],"class_list":["post-4320","post","type-post","status-publish","format-standard","hentry","category-sin-categoria"],"_links":{"self":[{"href":"https:\/\/www.benarabi.org\/index.php?rest_route=\/wp\/v2\/posts\/4320","targetHints":{"allow":["GET"]}}],"collection":[{"href":"https:\/\/www.benarabi.org\/index.php?rest_route=\/wp\/v2\/posts"}],"about":[{"href":"https:\/\/www.benarabi.org\/index.php?rest_route=\/wp\/v2\/types\/post"}],"author":[{"embeddable":true,"href":"https:\/\/www.benarabi.org\/index.php?rest_route=\/wp\/v2\/users\/1"}],"replies":[{"embeddable":true,"href":"https:\/\/www.benarabi.org\/index.php?rest_route=%2Fwp%2Fv2%2Fcomments&post=4320"}],"version-history":[{"count":4,"href":"https:\/\/www.benarabi.org\/index.php?rest_route=\/wp\/v2\/posts\/4320\/revisions"}],"predecessor-version":[{"id":4330,"href":"https:\/\/www.benarabi.org\/index.php?rest_route=\/wp\/v2\/posts\/4320\/revisions\/4330"}],"wp:attachment":[{"href":"https:\/\/www.benarabi.org\/index.php?rest_route=%2Fwp%2Fv2%2Fmedia&parent=4320"}],"wp:term":[{"taxonomy":"category","embeddable":true,"href":"https:\/\/www.benarabi.org\/index.php?rest_route=%2Fwp%2Fv2%2Fcategories&post=4320"},{"taxonomy":"post_tag","embeddable":true,"href":"https:\/\/www.benarabi.org\/index.php?rest_route=%2Fwp%2Fv2%2Ftags&post=4320"}],"curies":[{"name":"wp","href":"https:\/\/api.w.org\/{rel}","templated":true}]}}