{"id":4331,"date":"2016-04-06T09:40:30","date_gmt":"2016-04-06T07:40:30","guid":{"rendered":"http:\/\/www.benarabi.org\/?p=4331"},"modified":"2016-04-06T09:40:57","modified_gmt":"2016-04-06T07:40:57","slug":"el-ies-ben-arabi-convoca-la-xix-edicion-del-premio-jacinto-alcaraz-mellado","status":"publish","type":"post","link":"https:\/\/www.benarabi.org\/?p=4331","title":{"rendered":"El IES Ben Arab\u00ed convoca la XIX Edici\u00f3n del Premio \u201cJacinto Alcaraz Mellado\u201d"},"content":{"rendered":"<p><a href=\"http:\/\/www.benarabi.org\/wp-content\/uploads\/2016\/04\/Cartel_XIX-Edici\u00f3n-Jacinto-Alcaraz-Mellado.jpg\"><img loading=\"lazy\" decoding=\"async\" class=\"alignleft wp-image-4332 size-full\" src=\"http:\/\/www.benarabi.org\/wp-content\/uploads\/2016\/04\/Cartel_XIX-Edici\u00f3n-Jacinto-Alcaraz-Mellado-e1459928324660.jpg\" alt=\"Cartel_XIX Edici\u00f3n Jacinto Alcaraz Mellado\" width=\"150\" height=\"212\" \/><\/a>El IES Ben Arab\u00ed convoca la <strong>XIX Edici\u00f3n<\/strong> del \u201cPremio Jacinto Alcaraz Mellado\u201d.<\/p>\n<p style=\"text-align: justify;\">El plazo de presentaci\u00f3n de candidaturas ser\u00e1 hasta el <strong>27 de mayo de 2016<\/strong>.<\/p>\n<p style=\"text-align: justify;\">Cualquier miembro de la comunidad educativa puede proponer a aquellas personas o instituciones que se hayan distinguido por su trabajo a favor de la solidaridad, la tolerancia y la convivencia. Las propuestas ser\u00e1n dentro del \u00e1mbito de la Regi\u00f3n de Murcia, a t\u00edtulo individual o colectivo.<\/p>\n<p style=\"text-align: justify;\">El <strong>cartel <\/strong>de esta convocatoria ha sido dise\u00f1ado por <strong>Javier Cruzado Huete<\/strong>, ex alumno de 2\u00ba bachillerato de artes de nuestro Centro.<\/p>\n<p style=\"text-align: justify;\">Si quieres conocer la informaci\u00f3n detallada de las <strong>Bases de la convocatoria<\/strong>, <a href=\"http:\/\/www.benarabi.org\/wp-content\/uploads\/2016\/04\/bases-XIX-CONVOCATORIA-JACINTO-ALCARAZ.pdf\">pincha aqu\u00ed<\/a>.<\/p>\n","protected":false},"excerpt":{"rendered":"<p>El IES Ben Arab\u00ed convoca la XIX Edici\u00f3n del \u201cPremio Jacinto Alcaraz Mellado\u201d. El plazo de presentaci\u00f3n de candidaturas ser\u00e1 hasta el 27 de mayo de 2016. Cualquier miembro de la comunidad educativa puede proponer a aquellas personas o instituciones que se hayan distinguido por su trabajo a favor de la solidaridad, la tolerancia y [&hellip;]<\/p>\n","protected":false},"author":1,"featured_media":0,"comment_status":"closed","ping_status":"open","sticky":false,"template":"","format":"standard","meta":{"footnotes":""},"categories":[1],"tags":[],"class_list":["post-4331","post","type-post","status-publish","format-standard","hentry","category-sin-categoria"],"_links":{"self":[{"href":"https:\/\/www.benarabi.org\/index.php?rest_route=\/wp\/v2\/posts\/4331","targetHints":{"allow":["GET"]}}],"collection":[{"href":"https:\/\/www.benarabi.org\/index.php?rest_route=\/wp\/v2\/posts"}],"about":[{"href":"https:\/\/www.benarabi.org\/index.php?rest_route=\/wp\/v2\/types\/post"}],"author":[{"embeddable":true,"href":"https:\/\/www.benarabi.org\/index.php?rest_route=\/wp\/v2\/users\/1"}],"replies":[{"embeddable":true,"href":"https:\/\/www.benarabi.org\/index.php?rest_route=%2Fwp%2Fv2%2Fcomments&post=4331"}],"version-history":[{"count":2,"href":"https:\/\/www.benarabi.org\/index.php?rest_route=\/wp\/v2\/posts\/4331\/revisions"}],"predecessor-version":[{"id":4335,"href":"https:\/\/www.benarabi.org\/index.php?rest_route=\/wp\/v2\/posts\/4331\/revisions\/4335"}],"wp:attachment":[{"href":"https:\/\/www.benarabi.org\/index.php?rest_route=%2Fwp%2Fv2%2Fmedia&parent=4331"}],"wp:term":[{"taxonomy":"category","embeddable":true,"href":"https:\/\/www.benarabi.org\/index.php?rest_route=%2Fwp%2Fv2%2Fcategories&post=4331"},{"taxonomy":"post_tag","embeddable":true,"href":"https:\/\/www.benarabi.org\/index.php?rest_route=%2Fwp%2Fv2%2Ftags&post=4331"}],"curies":[{"name":"wp","href":"https:\/\/api.w.org\/{rel}","templated":true}]}}