{"id":4348,"date":"2016-04-16T17:50:59","date_gmt":"2016-04-16T15:50:59","guid":{"rendered":"http:\/\/www.benarabi.org\/?p=4348"},"modified":"2016-05-03T11:47:51","modified_gmt":"2016-05-03T09:47:51","slug":"el-ies-ben-arabi-celebra-el-iv-centenario-de-miguel-de-cervantes","status":"publish","type":"post","link":"https:\/\/www.benarabi.org\/?p=4348","title":{"rendered":"El IES Ben Arab\u00ed celebra el IV Centenario de Miguel de Cervantes"},"content":{"rendered":"<p style=\"text-align: justify;\"><a href=\"http:\/\/www.benarabi.org\/wp-content\/uploads\/2016\/04\/imagen-IV-centenario-miguel-de-cervantes.jpg\" rel=\"attachment wp-att-4349\"><img loading=\"lazy\" decoding=\"async\" class=\"alignleft size-thumbnail wp-image-4349\" src=\"http:\/\/www.benarabi.org\/wp-content\/uploads\/2016\/04\/imagen-IV-centenario-miguel-de-cervantes-150x150.jpg\" alt=\"imagen IV centenario miguel de cervantes\" width=\"150\" height=\"150\" \/><\/a>El IES Ben Arab\u00ed se suma a las numerosas celebraciones que, durante todo el a\u00f1o 2016, se est\u00e1n llevando a cabo en todo el mundo para conmemorar el IV centenario de la muerte de Miguel de Cervantes Saavedra.<\/p>\n<p style=\"text-align: justify;\">El pr\u00f3ximo lunes, 25 de abril, coincidiendo con el primer d\u00eda lectivo tras la efem\u00e9rides del 23 de abril, los alumnos de 1\u00ba de Bachillerato B1BA y B11C ofrecer\u00e1n un programa de actividades, a partir de las 10:30, en el Auditorio del Conservatorio Profesional de M\u00fasica. Los asistentes podr\u00e1n disfrutar de una variada selecci\u00f3n de iniciativas, cristalizadas en expresiones art\u00edsticas y culturales distintas, si bien todas ellas orientadas a la figura del Insigne Autor de las Letras Espa\u00f1olas. As\u00ed, se podr\u00e1n visitar exposiciones de maquetas y carteles, presenciar de piezas musicales y de danza, as\u00ed como asistir a conferencias y a la representaci\u00f3n teatral de un fragmento del Quijote.<\/p>\n<p style=\"text-align: justify;\">Todas estas manifestaciones art\u00edsticas han sido organizadas bajo la supervisi\u00f3n de la profesora de Lengua Castellana y Literatura de nuestro Centro, Beatriz Villarino Mart\u00ednez que, una vez m\u00e1s, apuesta por hacer directamente part\u00edcipes a nuestros alumnos, m\u00e1s all\u00e1 del aula, de la vivencia esc\u00e9nica y art\u00edstica.<\/p>\n<p style=\"text-align: justify;\">Si quieres ver el <strong>programa detallado<\/strong>, <a href=\"http:\/\/www.benarabi.org\/wp-content\/uploads\/2016\/04\/Programa-Cervantes.pdf\" rel=\"\">pincha aqu\u00ed<\/a>.<\/p>\n","protected":false},"excerpt":{"rendered":"<p>El IES Ben Arab\u00ed se suma a las numerosas celebraciones que, durante todo el a\u00f1o 2016, se est\u00e1n llevando a cabo en todo el mundo para conmemorar el IV centenario de la muerte de Miguel de Cervantes Saavedra. El pr\u00f3ximo lunes, 25 de abril, coincidiendo con el primer d\u00eda lectivo tras la efem\u00e9rides del 23 [&hellip;]<\/p>\n","protected":false},"author":1,"featured_media":0,"comment_status":"closed","ping_status":"open","sticky":false,"template":"","format":"standard","meta":{"footnotes":""},"categories":[1],"tags":[],"class_list":["post-4348","post","type-post","status-publish","format-standard","hentry","category-sin-categoria"],"_links":{"self":[{"href":"https:\/\/www.benarabi.org\/index.php?rest_route=\/wp\/v2\/posts\/4348","targetHints":{"allow":["GET"]}}],"collection":[{"href":"https:\/\/www.benarabi.org\/index.php?rest_route=\/wp\/v2\/posts"}],"about":[{"href":"https:\/\/www.benarabi.org\/index.php?rest_route=\/wp\/v2\/types\/post"}],"author":[{"embeddable":true,"href":"https:\/\/www.benarabi.org\/index.php?rest_route=\/wp\/v2\/users\/1"}],"replies":[{"embeddable":true,"href":"https:\/\/www.benarabi.org\/index.php?rest_route=%2Fwp%2Fv2%2Fcomments&post=4348"}],"version-history":[{"count":1,"href":"https:\/\/www.benarabi.org\/index.php?rest_route=\/wp\/v2\/posts\/4348\/revisions"}],"predecessor-version":[{"id":4351,"href":"https:\/\/www.benarabi.org\/index.php?rest_route=\/wp\/v2\/posts\/4348\/revisions\/4351"}],"wp:attachment":[{"href":"https:\/\/www.benarabi.org\/index.php?rest_route=%2Fwp%2Fv2%2Fmedia&parent=4348"}],"wp:term":[{"taxonomy":"category","embeddable":true,"href":"https:\/\/www.benarabi.org\/index.php?rest_route=%2Fwp%2Fv2%2Fcategories&post=4348"},{"taxonomy":"post_tag","embeddable":true,"href":"https:\/\/www.benarabi.org\/index.php?rest_route=%2Fwp%2Fv2%2Ftags&post=4348"}],"curies":[{"name":"wp","href":"https:\/\/api.w.org\/{rel}","templated":true}]}}