{"id":4359,"date":"2016-04-21T10:23:01","date_gmt":"2016-04-21T08:23:01","guid":{"rendered":"http:\/\/www.benarabi.org\/?p=4359"},"modified":"2016-04-21T10:23:01","modified_gmt":"2016-04-21T08:23:01","slug":"v-semana-de-la-musica-y-la-danza","status":"publish","type":"post","link":"https:\/\/www.benarabi.org\/?p=4359","title":{"rendered":"V Semana de la M\u00fasica y la Danza"},"content":{"rendered":"<p style=\"text-align: justify;\"><a href=\"http:\/\/www.benarabi.org\/wp-content\/uploads\/2016\/04\/m\u00fasica-y-danza-8901944.jpg\" rel=\"attachment wp-att-4360\"><img loading=\"lazy\" decoding=\"async\" class=\"alignleft size-thumbnail wp-image-4360\" src=\"http:\/\/www.benarabi.org\/wp-content\/uploads\/2016\/04\/m\u00fasica-y-danza-8901944-150x150.jpg\" alt=\"m\u00fasica-y-danza-8901944\" width=\"150\" height=\"150\" \/><\/a>Del\u00a0<strong>18 al 22 de Abril<\/strong>\u00a0\u00a0se ha organizado, en el IES Ben Arab\u00ed,\u00a0 la\u00a0<strong>V Semana<\/strong><strong>\u00a0<strong>de la M\u00fasica y la Danza.<\/strong>\u00a0<\/strong>Durante el tiempo de los recreos, se celebrar\u00e1n en el hall del Centro diversas actuaciones musicales y de danza.\u00a0\u00a0Los alumnos de Bachillerato Musical, as\u00ed como los de ESO, algunos de ellos acogidos al Programa de Horarios Integrados, llevar\u00e1n a cabo diversas actuaciones musicales. Asimismo, los alumnos de Bachillerato participar\u00e1n con actuaciones de baile en distintas modalidades: cl\u00e1sico, flamenco, moderno,\u2026<\/p>\n<p style=\"text-align: justify;\">Toda esta larga lista de actividades, que se ofrece a toda la comunidad educativa, ha sido organizada por el Departamento de M\u00fasica.<\/p>\n<p style=\"text-align: justify;\">Si quieres ver el programa detallado,<a href=\"http:\/\/www.benarabi.org\/wp-content\/uploads\/2016\/04\/PROGRAMA-M\u00daSICA-2016.-ABRIL.pdf\" rel=\"\"> pincha aqu\u00ed.<\/a><\/p>\n<p style=\"text-align: justify;\">\n","protected":false},"excerpt":{"rendered":"<p>Del\u00a018 al 22 de Abril\u00a0\u00a0se ha organizado, en el IES Ben Arab\u00ed,\u00a0 la\u00a0V Semana\u00a0de la M\u00fasica y la Danza.\u00a0Durante el tiempo de los recreos, se celebrar\u00e1n en el hall del Centro diversas actuaciones musicales y de danza.\u00a0\u00a0Los alumnos de Bachillerato Musical, as\u00ed como los de ESO, algunos de ellos acogidos al Programa de Horarios Integrados, [&hellip;]<\/p>\n","protected":false},"author":1,"featured_media":0,"comment_status":"closed","ping_status":"open","sticky":false,"template":"","format":"standard","meta":{"footnotes":""},"categories":[1],"tags":[],"class_list":["post-4359","post","type-post","status-publish","format-standard","hentry","category-sin-categoria"],"_links":{"self":[{"href":"https:\/\/www.benarabi.org\/index.php?rest_route=\/wp\/v2\/posts\/4359","targetHints":{"allow":["GET"]}}],"collection":[{"href":"https:\/\/www.benarabi.org\/index.php?rest_route=\/wp\/v2\/posts"}],"about":[{"href":"https:\/\/www.benarabi.org\/index.php?rest_route=\/wp\/v2\/types\/post"}],"author":[{"embeddable":true,"href":"https:\/\/www.benarabi.org\/index.php?rest_route=\/wp\/v2\/users\/1"}],"replies":[{"embeddable":true,"href":"https:\/\/www.benarabi.org\/index.php?rest_route=%2Fwp%2Fv2%2Fcomments&post=4359"}],"version-history":[{"count":1,"href":"https:\/\/www.benarabi.org\/index.php?rest_route=\/wp\/v2\/posts\/4359\/revisions"}],"predecessor-version":[{"id":4362,"href":"https:\/\/www.benarabi.org\/index.php?rest_route=\/wp\/v2\/posts\/4359\/revisions\/4362"}],"wp:attachment":[{"href":"https:\/\/www.benarabi.org\/index.php?rest_route=%2Fwp%2Fv2%2Fmedia&parent=4359"}],"wp:term":[{"taxonomy":"category","embeddable":true,"href":"https:\/\/www.benarabi.org\/index.php?rest_route=%2Fwp%2Fv2%2Fcategories&post=4359"},{"taxonomy":"post_tag","embeddable":true,"href":"https:\/\/www.benarabi.org\/index.php?rest_route=%2Fwp%2Fv2%2Ftags&post=4359"}],"curies":[{"name":"wp","href":"https:\/\/api.w.org\/{rel}","templated":true}]}}