{"id":4383,"date":"2016-05-05T12:56:32","date_gmt":"2016-05-05T10:56:32","guid":{"rendered":"http:\/\/www.benarabi.org\/?p=4383"},"modified":"2016-05-05T12:56:32","modified_gmt":"2016-05-05T10:56:32","slug":"entrega-de-premios-del-ii-certamen-de-poesia-aula-miguel-hernandez","status":"publish","type":"post","link":"https:\/\/www.benarabi.org\/?p=4383","title":{"rendered":"Entrega de Premios del II Certamen de Poes\u00eda \u201cAula Miguel Hern\u00e1ndez\u201d"},"content":{"rendered":"<p style=\"text-align: justify;\"><strong><a href=\"http:\/\/www.benarabi.org\/wp-content\/uploads\/2016\/05\/Imagen-premio-poesia-Miguel-Hernandez.jpg\" rel=\"attachment wp-att-4384\"><img loading=\"lazy\" decoding=\"async\" class=\"alignleft size-thumbnail wp-image-4384\" src=\"http:\/\/www.benarabi.org\/wp-content\/uploads\/2016\/05\/Imagen-premio-poesia-Miguel-Hernandez-150x150.jpg\" alt=\"Imagen premio poesia Miguel Hernandez\" width=\"150\" height=\"150\" \/><\/a><\/strong>El viernes <strong>29 de abril<\/strong> se hizo p\u00fablico el fallo del jurado del <strong>II Certamen de Poes\u00eda \u201cMiguel Hern\u00e1ndez\u201d<\/strong>, una de las actividades destacadas del Aula \u201cMiguel Hern\u00e1ndez\u201d; esta aula tiene su sede en el IES Ben Arab\u00ed, y fue creada en colaboraci\u00f3n con la Fundaci\u00f3n Cultural que lleva el nombre del c\u00e9lebre poeta oriolano. La entrega de premios se llev\u00f3 a cabo en el marco de un recital de poes\u00eda, \u201cViaje a nuestra historia literaria\u201d, en el que participaron numerosos alumnos del centro, y con el que culmin\u00f3 la semana de actividades organizadas por el \u201cD\u00eda del Libro\u201d.<\/p>\n<p style=\"text-align: justify;\">En la categor\u00eda de 1\u00ba, 2\u00ba y 3\u00ba ESO, se entregaron los siguientes premios:<br \/>\nPremio a Jaime Rivas \u00c1lvarez, de 1\u00baAF, y tres acc\u00e9sits, otorgados por la calidad de sus versos, a Nuria Cabrera Nadal, de 1\u00baF, Sara de Le\u00f3n Sotelo Asensio, de 1\u00baAF, y Miguel Montoya Zaragoza, de 1\u00baAF.<\/p>\n<p style=\"text-align: justify;\">En la categor\u00eda de 4\u00ba ESO y Bachillerato, el premio fue otorgado a David D\u00edaz S\u00e1nchez<strong>, <\/strong>de 1\u00ba de Bachillerato de Artes. Tambi\u00e9n se concedi\u00f3 un acc\u00e9sit a Mar\u00eda del Mar Paredes Iniesta, de 2\u00ba de Bachillerato Cient\u00edfico.<\/p>\n<p style=\"text-align: justify;\">Puedes leer los dos poemas premiados en este <a href=\"https:\/\/drive.google.com\/file\/d\/0BxbothVyAenGUUNtOXJXSWFiWWs\/view?usp=sharing\">enlace.<\/a><\/p>\n","protected":false},"excerpt":{"rendered":"<p>El viernes 29 de abril se hizo p\u00fablico el fallo del jurado del II Certamen de Poes\u00eda \u201cMiguel Hern\u00e1ndez\u201d, una de las actividades destacadas del Aula \u201cMiguel Hern\u00e1ndez\u201d; esta aula tiene su sede en el IES Ben Arab\u00ed, y fue creada en colaboraci\u00f3n con la Fundaci\u00f3n Cultural que lleva el nombre del c\u00e9lebre poeta oriolano. [&hellip;]<\/p>\n","protected":false},"author":1,"featured_media":0,"comment_status":"closed","ping_status":"open","sticky":false,"template":"","format":"standard","meta":{"footnotes":""},"categories":[1],"tags":[],"class_list":["post-4383","post","type-post","status-publish","format-standard","hentry","category-sin-categoria"],"_links":{"self":[{"href":"https:\/\/www.benarabi.org\/index.php?rest_route=\/wp\/v2\/posts\/4383","targetHints":{"allow":["GET"]}}],"collection":[{"href":"https:\/\/www.benarabi.org\/index.php?rest_route=\/wp\/v2\/posts"}],"about":[{"href":"https:\/\/www.benarabi.org\/index.php?rest_route=\/wp\/v2\/types\/post"}],"author":[{"embeddable":true,"href":"https:\/\/www.benarabi.org\/index.php?rest_route=\/wp\/v2\/users\/1"}],"replies":[{"embeddable":true,"href":"https:\/\/www.benarabi.org\/index.php?rest_route=%2Fwp%2Fv2%2Fcomments&post=4383"}],"version-history":[{"count":1,"href":"https:\/\/www.benarabi.org\/index.php?rest_route=\/wp\/v2\/posts\/4383\/revisions"}],"predecessor-version":[{"id":4385,"href":"https:\/\/www.benarabi.org\/index.php?rest_route=\/wp\/v2\/posts\/4383\/revisions\/4385"}],"wp:attachment":[{"href":"https:\/\/www.benarabi.org\/index.php?rest_route=%2Fwp%2Fv2%2Fmedia&parent=4383"}],"wp:term":[{"taxonomy":"category","embeddable":true,"href":"https:\/\/www.benarabi.org\/index.php?rest_route=%2Fwp%2Fv2%2Fcategories&post=4383"},{"taxonomy":"post_tag","embeddable":true,"href":"https:\/\/www.benarabi.org\/index.php?rest_route=%2Fwp%2Fv2%2Ftags&post=4383"}],"curies":[{"name":"wp","href":"https:\/\/api.w.org\/{rel}","templated":true}]}}