{"id":4386,"date":"2016-05-05T12:58:39","date_gmt":"2016-05-05T10:58:39","guid":{"rendered":"http:\/\/www.benarabi.org\/?p=4386"},"modified":"2016-05-05T12:59:00","modified_gmt":"2016-05-05T10:59:00","slug":"taller-jovenes-participantes-en-la-gala-del-premio-mandarache","status":"publish","type":"post","link":"https:\/\/www.benarabi.org\/?p=4386","title":{"rendered":"Taller \u201cJ\u00f3venes Participantes en la Gala del Premio Mandarache\u201d"},"content":{"rendered":"<p style=\"text-align: justify;\"><a href=\"http:\/\/www.benarabi.org\/wp-content\/uploads\/2016\/05\/Imagen-Premio-Mandarache.jpg\" rel=\"attachment wp-att-4387\"><img loading=\"lazy\" decoding=\"async\" class=\"alignleft wp-image-4387 size-full\" src=\"http:\/\/www.benarabi.org\/wp-content\/uploads\/2016\/05\/Imagen-Premio-Mandarache-e1462445909574.jpg\" alt=\"Imagen Premio Mandarache\" width=\"150\" height=\"74\" \/><\/a>El lunes <strong>2 de mayo<\/strong> dio comienzo en nuestro centro la primera de las cinco sesiones que componen el taller \u201cJ\u00f3venes Participantes en la Gala del Premio Mandarache\u201d. La actividad, coordinada por la actriz y directora de la gala Bego\u00f1a Iriarte, tiene como finalidad involucrar al alumnado lector en la realidad de las artes esc\u00e9nicas, haci\u00e9ndole part\u00edcipe de la organizaci\u00f3n de un evento tan esperado como es la gala de entrega de los\u00a0 Premios Mandarache, cuyo m\u00e1ximo galard\u00f3n recaer\u00e1 este a\u00f1o sobre la novela <em>Una madre<\/em>, del escritor Alejandro Palomas y, como cada edici\u00f3n, se llevar\u00e1 a cabo en el auditorio El Batel.<\/p>\n<p style=\"text-align: justify;\">El trabajo esc\u00e9nico resultante del taller se representar\u00e1 finalmente durante la celebraci\u00f3n de la misma, el 12 de mayo. Gracias a ella, una veintena de alumnos de 3\u00ba de ESO de nuestro centro, gozar\u00e1n de la experiencia \u00fanica de actuar en un evento que cada a\u00f1o re\u00fane a 1400 alumnos de Secundaria procedentes de todos los institutos de nuestra comarca.<\/p>\n","protected":false},"excerpt":{"rendered":"<p>El lunes 2 de mayo dio comienzo en nuestro centro la primera de las cinco sesiones que componen el taller \u201cJ\u00f3venes Participantes en la Gala del Premio Mandarache\u201d. La actividad, coordinada por la actriz y directora de la gala Bego\u00f1a Iriarte, tiene como finalidad involucrar al alumnado lector en la realidad de las artes esc\u00e9nicas, [&hellip;]<\/p>\n","protected":false},"author":1,"featured_media":0,"comment_status":"closed","ping_status":"open","sticky":false,"template":"","format":"standard","meta":{"footnotes":""},"categories":[1],"tags":[],"class_list":["post-4386","post","type-post","status-publish","format-standard","hentry","category-sin-categoria"],"_links":{"self":[{"href":"https:\/\/www.benarabi.org\/index.php?rest_route=\/wp\/v2\/posts\/4386","targetHints":{"allow":["GET"]}}],"collection":[{"href":"https:\/\/www.benarabi.org\/index.php?rest_route=\/wp\/v2\/posts"}],"about":[{"href":"https:\/\/www.benarabi.org\/index.php?rest_route=\/wp\/v2\/types\/post"}],"author":[{"embeddable":true,"href":"https:\/\/www.benarabi.org\/index.php?rest_route=\/wp\/v2\/users\/1"}],"replies":[{"embeddable":true,"href":"https:\/\/www.benarabi.org\/index.php?rest_route=%2Fwp%2Fv2%2Fcomments&post=4386"}],"version-history":[{"count":2,"href":"https:\/\/www.benarabi.org\/index.php?rest_route=\/wp\/v2\/posts\/4386\/revisions"}],"predecessor-version":[{"id":4389,"href":"https:\/\/www.benarabi.org\/index.php?rest_route=\/wp\/v2\/posts\/4386\/revisions\/4389"}],"wp:attachment":[{"href":"https:\/\/www.benarabi.org\/index.php?rest_route=%2Fwp%2Fv2%2Fmedia&parent=4386"}],"wp:term":[{"taxonomy":"category","embeddable":true,"href":"https:\/\/www.benarabi.org\/index.php?rest_route=%2Fwp%2Fv2%2Fcategories&post=4386"},{"taxonomy":"post_tag","embeddable":true,"href":"https:\/\/www.benarabi.org\/index.php?rest_route=%2Fwp%2Fv2%2Ftags&post=4386"}],"curies":[{"name":"wp","href":"https:\/\/api.w.org\/{rel}","templated":true}]}}