{"id":4397,"date":"2016-05-09T07:20:53","date_gmt":"2016-05-09T05:20:53","guid":{"rendered":"http:\/\/www.benarabi.org\/?p=4397"},"modified":"2016-05-09T07:22:21","modified_gmt":"2016-05-09T05:22:21","slug":"evaluacion-de-diagnostico-para-el-curso-escolar-2015-16","status":"publish","type":"post","link":"https:\/\/www.benarabi.org\/?p=4397","title":{"rendered":"Evaluaci\u00f3n de Diagn\u00f3stico para el curso escolar 2015-16"},"content":{"rendered":"<p style=\"text-align: justify;\"><a href=\"http:\/\/www.benarabi.org\/wp-content\/uploads\/2016\/05\/imagen_evaluacion-diagnostico.jpg\" rel=\"attachment wp-att-4398\"><img loading=\"lazy\" decoding=\"async\" class=\"alignleft size-thumbnail wp-image-4398\" src=\"http:\/\/www.benarabi.org\/wp-content\/uploads\/2016\/05\/imagen_evaluacion-diagnostico-150x90.jpg\" alt=\"imagen_evaluacion diagnostico\" width=\"150\" height=\"90\" \/><\/a>La <strong>Evaluaci\u00f3n de Diagn\u00f3stico<\/strong> para el curso escolar 2015-2016 que realizar\u00e1 el alumnado de 2\u00ba ESO tendr\u00e1 lugar los <strong>d\u00edas 9 y 10 de mayo de 2016<\/strong>. Ser\u00e1n evaluadas la competencia en comunicaci\u00f3n ling\u00fc\u00edstica en Lengua Castellana el d\u00eda 9 de mayo y Lengua Inglesa el d\u00eda 10 de mayo.<\/p>\n<p style=\"text-align: justify;\">El Servicio de Evaluaci\u00f3n y Calidad Educativa ha publicado en el portal educativo Educarm (www.educarm.es) el marco te\u00f3rico de la competencia a evaluar que ha servido de referencia para la elaboraci\u00f3n de la prueba, as\u00ed como los horarios e instrucciones de aplicaci\u00f3n, los materiales de apoyo para la difusi\u00f3n y cuanta informaci\u00f3n se considere necesaria para el normal desarrollo de la aplicaci\u00f3n de las pruebas de la evaluaci\u00f3n de diagn\u00f3stico del curso 2015-2016.<\/p>\n<p style=\"text-align: justify;\">Si quieres conocer la informaci\u00f3n detallada, <a href=\"http:\/\/www.educarm.es\/calidad-educativa\">pincha aqu\u00ed<\/a>.<\/p>\n","protected":false},"excerpt":{"rendered":"<p>La Evaluaci\u00f3n de Diagn\u00f3stico para el curso escolar 2015-2016 que realizar\u00e1 el alumnado de 2\u00ba ESO tendr\u00e1 lugar los d\u00edas 9 y 10 de mayo de 2016. Ser\u00e1n evaluadas la competencia en comunicaci\u00f3n ling\u00fc\u00edstica en Lengua Castellana el d\u00eda 9 de mayo y Lengua Inglesa el d\u00eda 10 de mayo. El Servicio de Evaluaci\u00f3n y [&hellip;]<\/p>\n","protected":false},"author":1,"featured_media":0,"comment_status":"closed","ping_status":"open","sticky":false,"template":"","format":"standard","meta":{"footnotes":""},"categories":[1],"tags":[],"class_list":["post-4397","post","type-post","status-publish","format-standard","hentry","category-sin-categoria"],"_links":{"self":[{"href":"https:\/\/www.benarabi.org\/index.php?rest_route=\/wp\/v2\/posts\/4397","targetHints":{"allow":["GET"]}}],"collection":[{"href":"https:\/\/www.benarabi.org\/index.php?rest_route=\/wp\/v2\/posts"}],"about":[{"href":"https:\/\/www.benarabi.org\/index.php?rest_route=\/wp\/v2\/types\/post"}],"author":[{"embeddable":true,"href":"https:\/\/www.benarabi.org\/index.php?rest_route=\/wp\/v2\/users\/1"}],"replies":[{"embeddable":true,"href":"https:\/\/www.benarabi.org\/index.php?rest_route=%2Fwp%2Fv2%2Fcomments&post=4397"}],"version-history":[{"count":3,"href":"https:\/\/www.benarabi.org\/index.php?rest_route=\/wp\/v2\/posts\/4397\/revisions"}],"predecessor-version":[{"id":4402,"href":"https:\/\/www.benarabi.org\/index.php?rest_route=\/wp\/v2\/posts\/4397\/revisions\/4402"}],"wp:attachment":[{"href":"https:\/\/www.benarabi.org\/index.php?rest_route=%2Fwp%2Fv2%2Fmedia&parent=4397"}],"wp:term":[{"taxonomy":"category","embeddable":true,"href":"https:\/\/www.benarabi.org\/index.php?rest_route=%2Fwp%2Fv2%2Fcategories&post=4397"},{"taxonomy":"post_tag","embeddable":true,"href":"https:\/\/www.benarabi.org\/index.php?rest_route=%2Fwp%2Fv2%2Ftags&post=4397"}],"curies":[{"name":"wp","href":"https:\/\/api.w.org\/{rel}","templated":true}]}}