{"id":4423,"date":"2016-05-17T18:29:48","date_gmt":"2016-05-17T16:29:48","guid":{"rendered":"http:\/\/www.benarabi.org\/?p=4423"},"modified":"2016-05-17T18:36:45","modified_gmt":"2016-05-17T16:36:45","slug":"proceso-de-admision-a-ciclos-formativos-de-fp-basica-para-el-curso-201617","status":"publish","type":"post","link":"https:\/\/www.benarabi.org\/?p=4423","title":{"rendered":"Proceso de Admisi\u00f3n a ciclos formativos de\u00a0FP\u00a0B\u00e1sica para el curso 2016\/17"},"content":{"rendered":"<p style=\"text-align: justify;\"><a href=\"http:\/\/www.benarabi.org\/wp-content\/uploads\/2016\/05\/fp-basica-lomce.jpg\" rel=\"attachment wp-att-4424\"><img loading=\"lazy\" decoding=\"async\" class=\"alignleft size-thumbnail wp-image-4424\" src=\"http:\/\/www.benarabi.org\/wp-content\/uploads\/2016\/05\/fp-basica-lomce-150x150.jpg\" alt=\"fp-basica-lomce\" width=\"150\" height=\"150\" \/><\/a>Formaci\u00f3n Profesional B\u00e1sica para nacidos en 1999, 2000 y 2001 en\u00a0<strong>centros p\u00fablicos y privados concertados<\/strong>\u00a0(en el turno extraordinario participan, adem\u00e1s, los nacidos en 1997 y 1998).<\/p>\n<p style=\"text-align: justify;\">Acceso a la solicitud de inscripci\u00f3n on line en el turno ordinario: <strong>del 30 de mayo al 7 de junio de 2016, ambos inclusive<\/strong>. Una vez se imprima el archivo PDF de la solicitud, deber\u00e1 dirigirse al CENTRO EDUCATIVO de PRIMERA PETICI\u00d3N para presentar la solicitud, junto\u00a0con la Propuesta Final de Inscripci\u00f3n, as\u00ed como, en su caso, otra documentaci\u00f3n.<\/p>\n<p style=\"text-align: justify;\">Si quieres ver el <strong>calendario <\/strong>del proceso de admisi\u00f3n a FPB, <a href=\"http:\/\/www.benarabi.org\/wp-content\/uploads\/2016\/05\/FPBASICA_Anexo-IV-Calendario.pdf\" rel=\"\">pincha aqu\u00ed.<\/a><\/p>\n<p style=\"text-align: justify;\">Si quieres conocer la <strong>informaci\u00f3n completa<\/strong> (normativa, oferta de ciclos formativos, \u2026), <a href=\"http:\/\/www.carm.es\/web\/pagina?IDCONTENIDO=48376&amp;IDTIPO=100&amp;RASTRO=c816$m17010,48274\" target=\"_blank\">pincha aqu\u00ed<\/a>.<\/p>\n","protected":false},"excerpt":{"rendered":"<p>Formaci\u00f3n Profesional B\u00e1sica para nacidos en 1999, 2000 y 2001 en\u00a0centros p\u00fablicos y privados concertados\u00a0(en el turno extraordinario participan, adem\u00e1s, los nacidos en 1997 y 1998). Acceso a la solicitud de inscripci\u00f3n on line en el turno ordinario: del 30 de mayo al 7 de junio de 2016, ambos inclusive. Una vez se imprima el [&hellip;]<\/p>\n","protected":false},"author":1,"featured_media":0,"comment_status":"closed","ping_status":"open","sticky":false,"template":"","format":"standard","meta":{"footnotes":""},"categories":[1],"tags":[],"class_list":["post-4423","post","type-post","status-publish","format-standard","hentry","category-sin-categoria"],"_links":{"self":[{"href":"https:\/\/www.benarabi.org\/index.php?rest_route=\/wp\/v2\/posts\/4423","targetHints":{"allow":["GET"]}}],"collection":[{"href":"https:\/\/www.benarabi.org\/index.php?rest_route=\/wp\/v2\/posts"}],"about":[{"href":"https:\/\/www.benarabi.org\/index.php?rest_route=\/wp\/v2\/types\/post"}],"author":[{"embeddable":true,"href":"https:\/\/www.benarabi.org\/index.php?rest_route=\/wp\/v2\/users\/1"}],"replies":[{"embeddable":true,"href":"https:\/\/www.benarabi.org\/index.php?rest_route=%2Fwp%2Fv2%2Fcomments&post=4423"}],"version-history":[{"count":3,"href":"https:\/\/www.benarabi.org\/index.php?rest_route=\/wp\/v2\/posts\/4423\/revisions"}],"predecessor-version":[{"id":4430,"href":"https:\/\/www.benarabi.org\/index.php?rest_route=\/wp\/v2\/posts\/4423\/revisions\/4430"}],"wp:attachment":[{"href":"https:\/\/www.benarabi.org\/index.php?rest_route=%2Fwp%2Fv2%2Fmedia&parent=4423"}],"wp:term":[{"taxonomy":"category","embeddable":true,"href":"https:\/\/www.benarabi.org\/index.php?rest_route=%2Fwp%2Fv2%2Fcategories&post=4423"},{"taxonomy":"post_tag","embeddable":true,"href":"https:\/\/www.benarabi.org\/index.php?rest_route=%2Fwp%2Fv2%2Ftags&post=4423"}],"curies":[{"name":"wp","href":"https:\/\/api.w.org\/{rel}","templated":true}]}}