{"id":4431,"date":"2016-05-17T18:39:01","date_gmt":"2016-05-17T16:39:01","guid":{"rendered":"http:\/\/www.benarabi.org\/?p=4431"},"modified":"2016-05-17T18:39:01","modified_gmt":"2016-05-17T16:39:01","slug":"nueva-beca-label-france-para-profesores-del-ies-ben-arabi","status":"publish","type":"post","link":"https:\/\/www.benarabi.org\/?p=4431","title":{"rendered":"\u201dNueva Beca Label France para profesores del IES. Ben Arab\u00ed\u201d"},"content":{"rendered":"<p style=\"text-align: justify;\"><a href=\"http:\/\/www.benarabi.org\/wp-content\/uploads\/2016\/05\/LABEL-FRANCE.jpg\" rel=\"attachment wp-att-4432\"><img loading=\"lazy\" decoding=\"async\" class=\"alignleft size-thumbnail wp-image-4432\" src=\"http:\/\/www.benarabi.org\/wp-content\/uploads\/2016\/05\/LABEL-FRANCE-150x150.jpg\" alt=\"LABEL FRANCE\" width=\"150\" height=\"150\" srcset=\"https:\/\/www.benarabi.org\/wp-content\/uploads\/2016\/05\/LABEL-FRANCE-150x150.jpg 150w, https:\/\/www.benarabi.org\/wp-content\/uploads\/2016\/05\/LABEL-FRANCE.jpg 200w\" sizes=\"auto, (max-width: 150px) 100vw, 150px\" \/><\/a>El Institut Fran\u00e7ais ha concedido una segunda beca para un profesor del IES Ben Arab\u00ed, que se suma a la que, en este mismo a\u00f1o acad\u00e9mico, nos adjudic\u00f3 para la asistencia de un representante de nuestro Centro a las Jornadas Mundiales de Centros Label FrancEducation, que tendr\u00e1n lugar en Par\u00eds, los d\u00edas 20 y 21 de junio de 2016.<\/p>\n<p style=\"text-align: justify;\">En esta ocasi\u00f3n, la beca consiste en una estancia en un prestigioso centro de estudios franceses en territorio galo durante 15 d\u00edas, en los que el profesor seleccionado recibir\u00e1 una formaci\u00f3n intensiva en lengua francesa.<\/p>\n<p style=\"text-align: justify;\">La financiaci\u00f3n\u00a0 incluye las tasas del curso de formaci\u00f3n, el alojamiento y la manutenci\u00f3n.<\/p>\n<p style=\"text-align: justify;\">Estas becas para profesores se complementan con la beca para un estudiante que disfrutar\u00e1 uno de nuestros alumnos del 7 al 20 de agosto en un campamento de verano en Cannes.<\/p>\n<p style=\"text-align: justify;\"><!--more-->La actividad se llevar\u00e1 a cabo entre los meses de julio y agosto de 2016, y supondr\u00e1 una oportunidad de mejora en la formaci\u00f3n ling\u00fc\u00edstica de nuestro profesorado que, con toda seguridad, revertir\u00e1 en nuestros alumnos, verdaderos beneficiarios de todas estas medidas.<\/p>\n<p style=\"text-align: justify;\">La puesta a disposici\u00f3n en nuestro Centro de todos estos valiosos recursos por parte del Gobierno de la Rep\u00fablica de Francia, es consecuencia de la reciente incorporaci\u00f3n del IES Ben Arab\u00ed a la Red Mundial de Centros Label FrancEducation, m\u00e1ximo reconocimiento a la labor excelente de nuestro instituto en la ense\u00f1anza de la lengua y la cultura francesas.\u00bb<\/p>\n","protected":false},"excerpt":{"rendered":"<p>El Institut Fran\u00e7ais ha concedido una segunda beca para un profesor del IES Ben Arab\u00ed, que se suma a la que, en este mismo a\u00f1o acad\u00e9mico, nos adjudic\u00f3 para la asistencia de un representante de nuestro Centro a las Jornadas Mundiales de Centros Label FrancEducation, que tendr\u00e1n lugar en Par\u00eds, los d\u00edas 20 y 21 [&hellip;]<\/p>\n","protected":false},"author":1,"featured_media":0,"comment_status":"closed","ping_status":"open","sticky":false,"template":"","format":"standard","meta":{"footnotes":""},"categories":[1],"tags":[],"class_list":["post-4431","post","type-post","status-publish","format-standard","hentry","category-sin-categoria"],"_links":{"self":[{"href":"https:\/\/www.benarabi.org\/index.php?rest_route=\/wp\/v2\/posts\/4431","targetHints":{"allow":["GET"]}}],"collection":[{"href":"https:\/\/www.benarabi.org\/index.php?rest_route=\/wp\/v2\/posts"}],"about":[{"href":"https:\/\/www.benarabi.org\/index.php?rest_route=\/wp\/v2\/types\/post"}],"author":[{"embeddable":true,"href":"https:\/\/www.benarabi.org\/index.php?rest_route=\/wp\/v2\/users\/1"}],"replies":[{"embeddable":true,"href":"https:\/\/www.benarabi.org\/index.php?rest_route=%2Fwp%2Fv2%2Fcomments&post=4431"}],"version-history":[{"count":1,"href":"https:\/\/www.benarabi.org\/index.php?rest_route=\/wp\/v2\/posts\/4431\/revisions"}],"predecessor-version":[{"id":4433,"href":"https:\/\/www.benarabi.org\/index.php?rest_route=\/wp\/v2\/posts\/4431\/revisions\/4433"}],"wp:attachment":[{"href":"https:\/\/www.benarabi.org\/index.php?rest_route=%2Fwp%2Fv2%2Fmedia&parent=4431"}],"wp:term":[{"taxonomy":"category","embeddable":true,"href":"https:\/\/www.benarabi.org\/index.php?rest_route=%2Fwp%2Fv2%2Fcategories&post=4431"},{"taxonomy":"post_tag","embeddable":true,"href":"https:\/\/www.benarabi.org\/index.php?rest_route=%2Fwp%2Fv2%2Ftags&post=4431"}],"curies":[{"name":"wp","href":"https:\/\/api.w.org\/{rel}","templated":true}]}}