{"id":4469,"date":"2016-06-15T09:24:49","date_gmt":"2016-06-15T07:24:49","guid":{"rendered":"http:\/\/www.benarabi.org\/?p=4469"},"modified":"2016-06-15T09:25:07","modified_gmt":"2016-06-15T07:25:07","slug":"calendario-de-matriculacion-curso-2016-17","status":"publish","type":"post","link":"https:\/\/www.benarabi.org\/?p=4469","title":{"rendered":"Calendario de matriculaci\u00f3n curso 2016-17"},"content":{"rendered":"<p style=\"text-align: justify;\"><a href=\"http:\/\/www.benarabi.org\/wp-content\/uploads\/2016\/06\/imagen-matriculaci\u00f3n-16-17.jpg\" rel=\"attachment wp-att-4472\"><img loading=\"lazy\" decoding=\"async\" class=\"alignleft size-thumbnail wp-image-4472\" src=\"http:\/\/www.benarabi.org\/wp-content\/uploads\/2016\/06\/imagen-matriculaci\u00f3n-16-17-150x150.jpg\" alt=\"imagen matriculaci\u00f3n 16-17\" width=\"150\" height=\"150\" \/><\/a>Ya est\u00e1 publicado\u00a0el\u00a0<strong>calendario de matriculaci\u00f3n<\/strong>\u00a0para el <strong>curso 2016-17<\/strong>, para alumnos propios del Centro y alumnos nuevos.<\/p>\n<p style=\"text-align: justify;\">Se recuerda que\u00a0<strong>todo el alumnado<\/strong>\u00a0del Centro debe realizar la matr\u00edcula para el pr\u00f3ximo curso en las fechas indicadas en el calendario.<\/p>\n<p style=\"text-align: justify;\">Antes de realizar la matr\u00edcula, los alumnos deber\u00e1n recoger el sobre de matr\u00edcula en la conserjer\u00eda del Centro.<\/p>\n<p style=\"text-align: justify;\">El per\u00edodo de matriculaci\u00f3n comienza el d\u00eda\u00a0<strong>viernes 24 de junio<\/strong>\u00a0y cada d\u00eda se organiza seg\u00fan los diferentes niveles.<\/p>\n<p style=\"text-align: justify;\">Si quieres ver el calendario completo y detallado, <a href=\"http:\/\/www.benarabi.org\/wp-content\/uploads\/2016\/06\/CALENDARIO-DE-MATRI_CULAS-2016-17-1.doc\" rel=\"\">pincha aqu\u00ed<\/a>.<\/p>\n","protected":false},"excerpt":{"rendered":"<p>Ya est\u00e1 publicado\u00a0el\u00a0calendario de matriculaci\u00f3n\u00a0para el curso 2016-17, para alumnos propios del Centro y alumnos nuevos. Se recuerda que\u00a0todo el alumnado\u00a0del Centro debe realizar la matr\u00edcula para el pr\u00f3ximo curso en las fechas indicadas en el calendario. Antes de realizar la matr\u00edcula, los alumnos deber\u00e1n recoger el sobre de matr\u00edcula en la conserjer\u00eda del Centro. [&hellip;]<\/p>\n","protected":false},"author":1,"featured_media":0,"comment_status":"closed","ping_status":"open","sticky":false,"template":"","format":"standard","meta":{"footnotes":""},"categories":[1],"tags":[],"class_list":["post-4469","post","type-post","status-publish","format-standard","hentry","category-sin-categoria"],"_links":{"self":[{"href":"https:\/\/www.benarabi.org\/index.php?rest_route=\/wp\/v2\/posts\/4469","targetHints":{"allow":["GET"]}}],"collection":[{"href":"https:\/\/www.benarabi.org\/index.php?rest_route=\/wp\/v2\/posts"}],"about":[{"href":"https:\/\/www.benarabi.org\/index.php?rest_route=\/wp\/v2\/types\/post"}],"author":[{"embeddable":true,"href":"https:\/\/www.benarabi.org\/index.php?rest_route=\/wp\/v2\/users\/1"}],"replies":[{"embeddable":true,"href":"https:\/\/www.benarabi.org\/index.php?rest_route=%2Fwp%2Fv2%2Fcomments&post=4469"}],"version-history":[{"count":2,"href":"https:\/\/www.benarabi.org\/index.php?rest_route=\/wp\/v2\/posts\/4469\/revisions"}],"predecessor-version":[{"id":4474,"href":"https:\/\/www.benarabi.org\/index.php?rest_route=\/wp\/v2\/posts\/4469\/revisions\/4474"}],"wp:attachment":[{"href":"https:\/\/www.benarabi.org\/index.php?rest_route=%2Fwp%2Fv2%2Fmedia&parent=4469"}],"wp:term":[{"taxonomy":"category","embeddable":true,"href":"https:\/\/www.benarabi.org\/index.php?rest_route=%2Fwp%2Fv2%2Fcategories&post=4469"},{"taxonomy":"post_tag","embeddable":true,"href":"https:\/\/www.benarabi.org\/index.php?rest_route=%2Fwp%2Fv2%2Ftags&post=4469"}],"curies":[{"name":"wp","href":"https:\/\/api.w.org\/{rel}","templated":true}]}}