{"id":4529,"date":"2016-07-14T09:39:31","date_gmt":"2016-07-14T07:39:31","guid":{"rendered":"http:\/\/www.benarabi.org\/?p=4529"},"modified":"2016-07-15T11:33:42","modified_gmt":"2016-07-15T09:33:42","slug":"el-ies-ben-arabi-primer-centro-en-la-region-de-nivel-avanzado-en-ensenanza-de-lenguas-extranjeras","status":"publish","type":"post","link":"https:\/\/www.benarabi.org\/?p=4529","title":{"rendered":"El IES Ben Arab\u00ed, primer centro en la Regi\u00f3n de Nivel Avanzado en \u00a0Ense\u00f1anza de Lenguas Extranjeras"},"content":{"rendered":"<p style=\"text-align: justify;\"><strong><a href=\"http:\/\/www.benarabi.org\/wp-content\/uploads\/2016\/07\/image.jpeg\" rel=\"attachment wp-att-4542\"><img loading=\"lazy\" decoding=\"async\" class=\"alignleft wp-image-4542 size-full\" src=\"http:\/\/www.benarabi.org\/wp-content\/uploads\/2016\/07\/image-e1468575207475.jpeg\" alt=\"image\" width=\"150\" height=\"94\" \/><\/a><u><\/u><\/strong>Desde sus inicios, en la ense\u00f1anza de las lenguas extranjeras, el IES Ben Arab\u00ed ha entendido y fomentado el pluriling\u00fcismo como una herramienta de comunicaci\u00f3n, con n\u00edtida vocaci\u00f3n europe\u00edsta y de internacionalizaci\u00f3n. Por este motivo, nuestro Centro fue pionero en la organizaci\u00f3n de las primeras Secciones Biling\u00fces en Institutos de Secundaria, implantados en la Regi\u00f3n de Murcia en el a\u00f1o 2000, constituy\u00e9ndose como centro Biling\u00fce de Franc\u00e9s.<\/p>\n<p style=\"text-align: justify;\">\u00a0\u00a0\u00a0\u00a0\u00a0\u00a0\u00a0\u00a0\u00a0\u00a0\u00a0 Para el pr\u00f3ximo curso 2016-2017, volveremos a situarnos en la vanguardia de los centros que ofrecen a sus alumnos una educaci\u00f3n de la m\u00e1xima calidad, basada en el conocimiento de las lenguas extranjeras, ya que somos el primer centro de la Regi\u00f3n de Murcia que ha obtenido la autorizaci\u00f3n de la <em>Direcci\u00f3n General<\/em><em> de Innovaci\u00f3n Educativa y Atenci\u00f3n a la Diversidad<\/em>, de la <em>Consejer\u00eda<\/em><em> de Educaci\u00f3n y Universidades<\/em>, para implantar un <em>sistema de ense\u00f1anza de lenguas extranjeras <strong>pluriling\u00fce,<\/strong> en su modalidad de <strong>inmersi\u00f3n avanzada<\/strong><\/em>, tal y como recoge la nueva Orden de 3 de junio de 2016 (Si quieres ver la Resoluci\u00f3n <a href=\"http:\/\/www.benarabi.org\/wp-content\/uploads\/2016\/07\/Res-autoriz-IES-Ben-Arabi-CI78711-06-07-16.pdf\" rel=\"\">PINCHA AQU\u00cd<\/a>).<\/p>\n<p style=\"text-align: justify;\"><!--more--><\/p>\n<p style=\"text-align: justify;\">Esta autorizaci\u00f3n permite al IES Ben Arab\u00ed ofrecer a todos nuestros alumnos biling\u00fces un programa configurado por el Franc\u00e9s, como primera lengua extranjera, con cinco horas semanales; el Ingl\u00e9s, como segunda lengua extranjera, con cuatro horas, adem\u00e1s de cuatro asignaturas no ling\u00fc\u00edsticas (ANLs), diferentes en cada uno de los cursos en Franc\u00e9s, lo que supone que m\u00e1s de la mitad del horario y de las asignaturas que cursan nuestros alumnos se imparten en una lengua extranjera.<\/p>\n<p style=\"text-align: justify;\">\u00a0\u00a0\u00a0\u00a0\u00a0\u00a0\u00a0\u00a0\u00a0\u00a0\u00a0 Desde el inicio, nuestra Instituci\u00f3n ha sido un referente en la potenciaci\u00f3n de la ense\u00f1anza de las lenguas, gracias al dise\u00f1o de un programa que contemplaba el aprendizaje de idiomas de manera integral, donde se aunaban los conocimientos puramente ling\u00fc\u00edsticos con la experiencia cultural, la interrelaci\u00f3n entre estudiantes de diferentes pa\u00edses, y el desarrollo de habilidades personales y sociales en un entorno universalizado. Este enfoque ha conseguido que la formaci\u00f3n que reciben nuestros alumnos biling\u00fces vaya m\u00e1s all\u00e1 del mero aprendizaje de un idioma en un contexto acad\u00e9mico.<\/p>\n<p style=\"text-align: justify;\">\u00a0\u00a0\u00a0\u00a0\u00a0\u00a0\u00a0\u00a0\u00a0\u00a0\u00a0 Todos estos objetivos se han ido logrando a trav\u00e9s de distintas iniciativas, que forman parte de nuestro programa de ense\u00f1anza de lenguas extranjeras: uso de tres lenguas, Franc\u00e9s, Ingl\u00e9s y Espa\u00f1ol, integrados en el curr\u00edculo de los alumnos; realizaci\u00f3n de intercambios escolares a lo largo de los diferentes cursos; participaci\u00f3n en actividades complementarias en Franc\u00e9s, como los programas de coros biling\u00fces; formaci\u00f3n continua del profesorado participante en el programa, incluyendo la presencia de profesores visitantes de pa\u00edses franc\u00f3fonos; participaci\u00f3n en los programas regional y estatal de auxiliares de conversaci\u00f3n en lengua francesa, etc.<\/p>\n<p style=\"text-align: justify;\">\u00a0\u00a0\u00a0\u00a0\u00a0\u00a0\u00a0\u00a0\u00a0\u00a0\u00a0 La suma de todos estos esfuerzos han fructificado en la consecuci\u00f3n de altas cotas de calidad en la ense\u00f1anza de los idiomas, configurando dos elementos que aportan un elevado valor a\u00f1adido a la formaci\u00f3n de nuestros alumnos: en primer lugar, el programa de doble titulaci\u00f3n Espa\u00f1ol-Franc\u00e9s \u201cBachibac\u201d, que permite a los estudiantes conseguir los diplomas oficiales de Bachillerato, tanto del sistema educativo espa\u00f1ol como del franc\u00e9s, tras cursar ambos curr\u00edculos en nuestro Centro; en segundo t\u00e9rmino, la obtenci\u00f3n del distintivo de calidad internacional \u201cLabel France Education\u201d, que concede la Rep\u00fablica de Francia a los mejores centros educativos del mundo en la ense\u00f1anza de la Lengua y la Cultura Francesas, que supone disfrutar, no s\u00f3lo del prestigio de pertenecer a la \u201cRed Mundial de Centros Label France\u201d, si no tambi\u00e9n disponer de recursos que inciden en la mejora continua, como son las becas de estudios en el extranjero para alumnos y profesores.<\/p>\n","protected":false},"excerpt":{"rendered":"<p>Desde sus inicios, en la ense\u00f1anza de las lenguas extranjeras, el IES Ben Arab\u00ed ha entendido y fomentado el pluriling\u00fcismo como una herramienta de comunicaci\u00f3n, con n\u00edtida vocaci\u00f3n europe\u00edsta y de internacionalizaci\u00f3n. Por este motivo, nuestro Centro fue pionero en la organizaci\u00f3n de las primeras Secciones Biling\u00fces en Institutos de Secundaria, implantados en la Regi\u00f3n [&hellip;]<\/p>\n","protected":false},"author":1,"featured_media":0,"comment_status":"closed","ping_status":"open","sticky":false,"template":"","format":"standard","meta":{"footnotes":""},"categories":[1],"tags":[],"class_list":["post-4529","post","type-post","status-publish","format-standard","hentry","category-sin-categoria"],"_links":{"self":[{"href":"https:\/\/www.benarabi.org\/index.php?rest_route=\/wp\/v2\/posts\/4529","targetHints":{"allow":["GET"]}}],"collection":[{"href":"https:\/\/www.benarabi.org\/index.php?rest_route=\/wp\/v2\/posts"}],"about":[{"href":"https:\/\/www.benarabi.org\/index.php?rest_route=\/wp\/v2\/types\/post"}],"author":[{"embeddable":true,"href":"https:\/\/www.benarabi.org\/index.php?rest_route=\/wp\/v2\/users\/1"}],"replies":[{"embeddable":true,"href":"https:\/\/www.benarabi.org\/index.php?rest_route=%2Fwp%2Fv2%2Fcomments&post=4529"}],"version-history":[{"count":4,"href":"https:\/\/www.benarabi.org\/index.php?rest_route=\/wp\/v2\/posts\/4529\/revisions"}],"predecessor-version":[{"id":4543,"href":"https:\/\/www.benarabi.org\/index.php?rest_route=\/wp\/v2\/posts\/4529\/revisions\/4543"}],"wp:attachment":[{"href":"https:\/\/www.benarabi.org\/index.php?rest_route=%2Fwp%2Fv2%2Fmedia&parent=4529"}],"wp:term":[{"taxonomy":"category","embeddable":true,"href":"https:\/\/www.benarabi.org\/index.php?rest_route=%2Fwp%2Fv2%2Fcategories&post=4529"},{"taxonomy":"post_tag","embeddable":true,"href":"https:\/\/www.benarabi.org\/index.php?rest_route=%2Fwp%2Fv2%2Ftags&post=4529"}],"curies":[{"name":"wp","href":"https:\/\/api.w.org\/{rel}","templated":true}]}}