{"id":4547,"date":"2016-09-05T12:09:23","date_gmt":"2016-09-05T10:09:23","guid":{"rendered":"http:\/\/www.benarabi.org\/?p=4547"},"modified":"2016-09-05T12:10:43","modified_gmt":"2016-09-05T10:10:43","slug":"inicio-del-curso-2016-17","status":"publish","type":"post","link":"https:\/\/www.benarabi.org\/?p=4547","title":{"rendered":"Inicio del curso 2016-17"},"content":{"rendered":"<p style=\"text-align: justify;\"><a href=\"http:\/\/www.benarabi.org\/wp-content\/uploads\/2016\/09\/regreso-a-clases16-17-3-1.jpg\" rel=\"attachment wp-att-4548\"><img loading=\"lazy\" decoding=\"async\" class=\"alignleft wp-image-4548 size-full\" src=\"http:\/\/www.benarabi.org\/wp-content\/uploads\/2016\/09\/regreso-a-clases16-17-3-1-e1473070017180.jpg\" alt=\"regreso a clases16-17 (3) (1)\" width=\"150\" height=\"94\" \/><\/a>Estimadas familias:<\/p>\n<p style=\"text-align: justify;\">El equipo directivo del IES. Ben Arabi quiere darles la bienvenida a este nuevo curso 2016-17.<\/p>\n<p style=\"text-align: justify;\">Tenemos un nuevo\u00a0 reto por delante, ofrecer a nuestros alumnos una educaci\u00f3n de m\u00e1xima calidad, estimul\u00e1ndoles en su progreso personal e intelectual seg\u00fan sus realidades, intereses y capacidades, manteniendo en ellos la curiosidad y el gusto por aprender. Para ello, les pedimos su m\u00e1xima colaboraci\u00f3n y participaci\u00f3n en todas las actividades que se realicen en el Centro, pues entendemos que har\u00e1 posible una mejora en nuestro funcionamiento y organizaci\u00f3n.<\/p>\n<p style=\"text-align: justify;\">Aprovechamos para informarles del comienzo de curso.<\/p>\n<p style=\"text-align: justify;\">Los\u00a0<strong>listados de alumnos<\/strong>\u00a0de los grupos se publicar\u00e1n el <strong>mi\u00e9rcoles 14<\/strong>\u00a0de septiembre en el tabl\u00f3n de anuncios del hall.<\/p>\n<p style=\"text-align: justify;\">Las\u00a0<strong>presentaciones<\/strong>\u00a0de los grupos se realizar\u00e1n durante los d\u00edas\u00a0<strong>jueves 15<\/strong>\u00a0y\u00a0<strong>viernes 16<\/strong>\u00a0\u00a0de septiembre, en el horario que se adjunta a continuaci\u00f3n.<\/p>\n<p style=\"text-align: justify;\">Las clases comenzar\u00e1n el\u00a0<strong>lunes 19<\/strong>\u00a0de septiembre a las 8:00h.<\/p>\n<p style=\"text-align: justify;\">Si quieres ver el\u00a0<strong>calendario detallado<\/strong>, <a href=\"http:\/\/www.benarabi.org\/wp-content\/uploads\/2016\/09\/horarios-presentaciones-16-17-1.doc\" rel=\"\">pincha aqu\u00ed<\/a>.<\/p>\n<p style=\"text-align: justify;\">Si quieres conocer el calendario escolar del curso 2016-17, <a href=\"http:\/\/www.benarabi.org\/wp-content\/uploads\/2016\/09\/Calendario-16-17.pdf\" rel=\"\">pincha aqu\u00ed<\/a>.<\/p>\n","protected":false},"excerpt":{"rendered":"<p>Estimadas familias: El equipo directivo del IES. Ben Arabi quiere darles la bienvenida a este nuevo curso 2016-17. Tenemos un nuevo\u00a0 reto por delante, ofrecer a nuestros alumnos una educaci\u00f3n de m\u00e1xima calidad, estimul\u00e1ndoles en su progreso personal e intelectual seg\u00fan sus realidades, intereses y capacidades, manteniendo en ellos la curiosidad y el gusto por [&hellip;]<\/p>\n","protected":false},"author":1,"featured_media":0,"comment_status":"closed","ping_status":"open","sticky":false,"template":"","format":"standard","meta":{"footnotes":""},"categories":[1],"tags":[],"class_list":["post-4547","post","type-post","status-publish","format-standard","hentry","category-sin-categoria"],"_links":{"self":[{"href":"https:\/\/www.benarabi.org\/index.php?rest_route=\/wp\/v2\/posts\/4547","targetHints":{"allow":["GET"]}}],"collection":[{"href":"https:\/\/www.benarabi.org\/index.php?rest_route=\/wp\/v2\/posts"}],"about":[{"href":"https:\/\/www.benarabi.org\/index.php?rest_route=\/wp\/v2\/types\/post"}],"author":[{"embeddable":true,"href":"https:\/\/www.benarabi.org\/index.php?rest_route=\/wp\/v2\/users\/1"}],"replies":[{"embeddable":true,"href":"https:\/\/www.benarabi.org\/index.php?rest_route=%2Fwp%2Fv2%2Fcomments&post=4547"}],"version-history":[{"count":2,"href":"https:\/\/www.benarabi.org\/index.php?rest_route=\/wp\/v2\/posts\/4547\/revisions"}],"predecessor-version":[{"id":4552,"href":"https:\/\/www.benarabi.org\/index.php?rest_route=\/wp\/v2\/posts\/4547\/revisions\/4552"}],"wp:attachment":[{"href":"https:\/\/www.benarabi.org\/index.php?rest_route=%2Fwp%2Fv2%2Fmedia&parent=4547"}],"wp:term":[{"taxonomy":"category","embeddable":true,"href":"https:\/\/www.benarabi.org\/index.php?rest_route=%2Fwp%2Fv2%2Fcategories&post=4547"},{"taxonomy":"post_tag","embeddable":true,"href":"https:\/\/www.benarabi.org\/index.php?rest_route=%2Fwp%2Fv2%2Ftags&post=4547"}],"curies":[{"name":"wp","href":"https:\/\/api.w.org\/{rel}","templated":true}]}}