{"id":4580,"date":"2016-09-14T18:37:53","date_gmt":"2016-09-14T16:37:53","guid":{"rendered":"http:\/\/www.benarabi.org\/?p=4580"},"modified":"2016-09-14T18:37:53","modified_gmt":"2016-09-14T16:37:53","slug":"el-ies-ben-arabi-renueva-con-tecnologia-led-sus-instalaciones-de-iluminacion","status":"publish","type":"post","link":"https:\/\/www.benarabi.org\/?p=4580","title":{"rendered":"El \u00a0IES Ben Arab\u00ed, renueva con tecnolog\u00eda LED sus instalaciones de iluminaci\u00f3n"},"content":{"rendered":"<p style=\"text-align: justify;\"><a href=\"http:\/\/www.benarabi.org\/wp-content\/uploads\/2016\/09\/Ahorro-energ\u00e9tico.jpg\" rel=\"attachment wp-att-4581\"><img loading=\"lazy\" decoding=\"async\" class=\"alignleft wp-image-4581 size-full\" src=\"http:\/\/www.benarabi.org\/wp-content\/uploads\/2016\/09\/Ahorro-energ\u00e9tico-e1473871054734.jpg\" alt=\"Ahorro energ\u00e9tico\" width=\"150\" height=\"73\" \/><\/a>El IES Ben Arab\u00ed ha culminado este pasado mes de julio la renovaci\u00f3n de la totalidad de la antigua iluminaci\u00f3n del Centro por una nueva de tecnolog\u00eda LED.<\/p>\n<p style=\"text-align: justify;\">La medida ha consistido en la sustituci\u00f3n de m\u00e1s de mil tubos fluorescentes, que iluminaban las diferentes dependencias del Centro (aulas, despachos y oficinas, pasillos, etc.), por luminarias LED.<\/p>\n<p style=\"text-align: justify;\">De este modo, el curso 2016-17 arrancar\u00e1 siendo el primero en que el conjunto de la comunidad educativa se beneficiar\u00e1 de las ventajas que ofrece la iluminaci\u00f3n LED.<\/p>\n<p style=\"text-align: justify;\">Esta iniciativa forma parte de los objetivos planteados desde distintos planes oficiales del Centro.<\/p>\n<p style=\"text-align: justify;\">A su vez, todas estas previsiones en la planificaci\u00f3n del Centro est\u00e1n en consonancia con la estrategia de la Uni\u00f3n Europea \u201c20-20-20\u201d, establecida a partir del Tratado de Lisboa, la cual ha sido adoptada por las diferentes administraciones de los pa\u00edses miembros. En concreto, la Comunidad Aut\u00f3noma de la Regi\u00f3n de Murcia, ha aprobado recientemente la puesta en marcha del Plan de Eficiencia Energ\u00e9tica de la Administraci\u00f3n Regional, al que desde nuestro Centro queremos contribuir desde ya con este tipo de medidas.<\/p>\n<p style=\"text-align: justify;\"><!--more-->Entre las ventajas de la tecnolog\u00eda LED podemos destacar:<\/p>\n<p style=\"text-align: justify;\">\n<ol style=\"text-align: justify;\">\n<li>Un ahorro energ\u00e9tico muy significativo, de al menos un 50%, que incide en una disminuci\u00f3n de las emisiones contaminantes asociadas a la producci\u00f3n de la electricidad, suponiendo una medida ecol\u00f3gica que redunda en la mejora del medioambiente, probando el compromiso de nuestra instituci\u00f3n con la sostenibilidad, y suponiendo uno de los frentes desde los que contribuimos con nuestra responsabilidad social corporativa.<\/li>\n<li>Una mejora en las condiciones de luminosidad, ya que la calidad de la iluminaci\u00f3n LED es muy superior a la de los tubos fluorescentes convencionales, tanto en intensidad, brillo y claridad, como en la ausencia de parpadeos. Todo ello contribuir\u00e1 a una mejor higiene y salud visual para alumnos y profesores, que disfrutar\u00e1n de un mayor confort y bienestar durante el desempe\u00f1o diario de su trabajo.<\/li>\n<li>Una herramienta educativa para nuestros estudiantes y nuestro entorno social, que reconocer\u00e1n en el Centro un modelo de conciencia sostenible y ecol\u00f3gica, empezando en las aulas, que aplicar y extender a sus respectivas realidades.<\/li>\n<li>Un ahorro econ\u00f3mico considerable, puesto que la reducci\u00f3n en el consumo de energ\u00eda se traslada a una disminuci\u00f3n en el coste de la factura el\u00e9ctrica, una de las m\u00e1s elevadas dentro de los gastos fijos de mantenimiento en un centro educativo. As\u00ed, el Centro tender\u00e1 a una gesti\u00f3n econ\u00f3mica eficiente, produciendo un ahorro que permitir\u00e1 diversificar la inversi\u00f3n y acometer gastos en otros \u00e1mbitos que puedan redundar en la mejora de las condiciones para nuestros alumnos.<\/li>\n<\/ol>\n<p style=\"text-align: justify;\">Esta iniciativa forma parte de los objetivos planteados desde distintos planes oficiales del Centro:<\/p>\n<ul>\n<li style=\"text-align: justify;\">Dentro del Proyecto de Direcci\u00f3n para el per\u00edodo 2015-2019, entre las acciones destinadas a la mejora en la gesti\u00f3n econ\u00f3mica y de infraestructuras.<\/li>\n<li style=\"text-align: justify;\">En el Programa de Calidad que nuestro IES viene implementando desde el a\u00f1o 2014, siguiendo el modelo de gesti\u00f3n de calidad CAF Educaci\u00f3n, cuyo criterio cuarto, \u201cAlianzas y Recursos\u201d, plantea la puesta en marcha de estas acciones, concretadas en objetivos como el 4.1.g. \u201cpromover actividades en el \u00e1rea de la responsabilidad social corporativa\u201d, el 4.6.d. \u201cgarantizar un uso eficaz, eficiente y sostenible de los recursos energ\u00e9ticos\u201d, o el 4.6.f. \u201cgarantizar y supervisar el mantenimiento eficaz de los edificios, equipos e instalaciones respetando las normas medioambientales y procurando la mejor rentabilidad y eficacia\u201d.<\/li>\n<li style=\"text-align: justify;\">En el Proyecto de Educaci\u00f3n para la Salud, dentro de las estrategias para mejorar la salud visual y la ergonom\u00eda, procurando una higiene \u00f3ptima, junto con los objetivos tendentes a la conservaci\u00f3n del medio ambiente.<\/li>\n<\/ul>\n","protected":false},"excerpt":{"rendered":"<p>El IES Ben Arab\u00ed ha culminado este pasado mes de julio la renovaci\u00f3n de la totalidad de la antigua iluminaci\u00f3n del Centro por una nueva de tecnolog\u00eda LED. La medida ha consistido en la sustituci\u00f3n de m\u00e1s de mil tubos fluorescentes, que iluminaban las diferentes dependencias del Centro (aulas, despachos y oficinas, pasillos, etc.), por [&hellip;]<\/p>\n","protected":false},"author":1,"featured_media":0,"comment_status":"closed","ping_status":"open","sticky":false,"template":"","format":"standard","meta":{"footnotes":""},"categories":[1],"tags":[],"class_list":["post-4580","post","type-post","status-publish","format-standard","hentry","category-sin-categoria"],"_links":{"self":[{"href":"https:\/\/www.benarabi.org\/index.php?rest_route=\/wp\/v2\/posts\/4580","targetHints":{"allow":["GET"]}}],"collection":[{"href":"https:\/\/www.benarabi.org\/index.php?rest_route=\/wp\/v2\/posts"}],"about":[{"href":"https:\/\/www.benarabi.org\/index.php?rest_route=\/wp\/v2\/types\/post"}],"author":[{"embeddable":true,"href":"https:\/\/www.benarabi.org\/index.php?rest_route=\/wp\/v2\/users\/1"}],"replies":[{"embeddable":true,"href":"https:\/\/www.benarabi.org\/index.php?rest_route=%2Fwp%2Fv2%2Fcomments&post=4580"}],"version-history":[{"count":1,"href":"https:\/\/www.benarabi.org\/index.php?rest_route=\/wp\/v2\/posts\/4580\/revisions"}],"predecessor-version":[{"id":4582,"href":"https:\/\/www.benarabi.org\/index.php?rest_route=\/wp\/v2\/posts\/4580\/revisions\/4582"}],"wp:attachment":[{"href":"https:\/\/www.benarabi.org\/index.php?rest_route=%2Fwp%2Fv2%2Fmedia&parent=4580"}],"wp:term":[{"taxonomy":"category","embeddable":true,"href":"https:\/\/www.benarabi.org\/index.php?rest_route=%2Fwp%2Fv2%2Fcategories&post=4580"},{"taxonomy":"post_tag","embeddable":true,"href":"https:\/\/www.benarabi.org\/index.php?rest_route=%2Fwp%2Fv2%2Ftags&post=4580"}],"curies":[{"name":"wp","href":"https:\/\/api.w.org\/{rel}","templated":true}]}}