{"id":4583,"date":"2016-09-16T12:27:58","date_gmt":"2016-09-16T10:27:58","guid":{"rendered":"http:\/\/www.benarabi.org\/?p=4583"},"modified":"2016-09-16T12:29:36","modified_gmt":"2016-09-16T10:29:36","slug":"apertura-del-curso-2016-17","status":"publish","type":"post","link":"https:\/\/www.benarabi.org\/?p=4583","title":{"rendered":"Apertura del curso 2016-17"},"content":{"rendered":"<p style=\"text-align: justify;\"><a href=\"http:\/\/www.benarabi.org\/wp-content\/uploads\/2016\/09\/principal.jpg\" rel=\"attachment wp-att-4584\"><img loading=\"lazy\" decoding=\"async\" class=\"alignleft wp-image-4584 size-full\" src=\"http:\/\/www.benarabi.org\/wp-content\/uploads\/2016\/09\/principal-e1474021601943.jpg\" alt=\"principal\" width=\"150\" height=\"90\" \/><\/a>Durante las ma\u00f1anas del jueves 15 y viernes 16 de septiembre han dado comienzo las actividades lectivas correspondientes al nuevo curso 2016-17 con el recibimiento y las presentaciones de los alumnos. El lunes 19, empezar\u00e1n las clases en su horario normal.<\/p>\n<p style=\"text-align: justify;\">El IES. Ben Arab\u00ed ha contado con la presencia del Director General de Universidades e Investigaci\u00f3n de la Consejer\u00eda de Educaci\u00f3n y Universidades de Murcia, Juan Monz\u00f3 Cabrera.<\/p>\n<p style=\"text-align: justify;\">Durante las jornadas de acogida, el Director Manuel D\u00edaz Segura dio la bienvenida a todo el alumnado que se incorpora a este centro, especialmente a los que ingresan por primera vez en el Instituto.<\/p>\n<p style=\"text-align: justify;\">Destac\u00f3 para este nuevo curso la implantaci\u00f3n del Sistema de Ense\u00f1anza en lenguas extranjeras en la modalidad de Nivel avanzado de Franc\u00e9s y del que se beneficiar\u00e1n un gran n\u00famero de alumnos. Adem\u00e1s, quiso hacerles part\u00edcipes de las \u00faltimas distinciones otorgadas al Centro. Entre \u00e9stas destacan <strong>\u201cLabel France Education\u201d,<\/strong> concedida por el Ministerio de Asuntos Exteriores de Francia, por ofrecer una ense\u00f1anza biling\u00fce de la lengua francesa de m\u00e1xima calidad y excelencia, y el distintivo de calidad <strong>\u201cSello Vida Saludable\u201d,<\/strong> adjudicado por el Ministerio de Educaci\u00f3n, Cultura y Deporte por fomentar el aprendizaje de la salud as\u00ed como la asunci\u00f3n de pr\u00e1cticas de vida saludable.<\/p>\n<p style=\"text-align: justify;\">En el acto participaron el Presidente del AMPA, Jos\u00e9 Andr\u00e9s Mart\u00ednez Madrid y el representante de los alumnos en el Consejo Escolar, Jorge Juan Soriano G\u00f3mez.<\/p>\n<p style=\"text-align: justify;\">\u00a0\u00a0\u00a0\u00a0\u00a0\u00a0\u00a0 \u00a1Bienvenidos a un nuevo curso!<!--more--><\/p>\n<div id='gallery-1' class='gallery galleryid-4583 gallery-columns-3 gallery-size-thumbnail'><figure class='gallery-item'>\n\t\t\t<div class='gallery-icon landscape'>\n\t\t\t\t<a href='https:\/\/www.benarabi.org\/?attachment_id=4585'><img loading=\"lazy\" decoding=\"async\" width=\"141\" height=\"141\" src=\"https:\/\/www.benarabi.org\/wp-content\/uploads\/2016\/09\/IMG-20160915-WA0007-150x150.jpg\" class=\"attachment-thumbnail size-thumbnail\" alt=\"\" \/><\/a>\n\t\t\t<\/div><\/figure><figure class='gallery-item'>\n\t\t\t<div class='gallery-icon landscape'>\n\t\t\t\t<a href='https:\/\/www.benarabi.org\/?attachment_id=4586'><img loading=\"lazy\" decoding=\"async\" width=\"141\" height=\"141\" src=\"https:\/\/www.benarabi.org\/wp-content\/uploads\/2016\/09\/IMG-20160915-WA0006-150x150.jpg\" class=\"attachment-thumbnail size-thumbnail\" alt=\"\" \/><\/a>\n\t\t\t<\/div><\/figure><figure class='gallery-item'>\n\t\t\t<div class='gallery-icon landscape'>\n\t\t\t\t<a href='https:\/\/www.benarabi.org\/?attachment_id=4584'><img loading=\"lazy\" decoding=\"async\" width=\"141\" height=\"141\" src=\"https:\/\/www.benarabi.org\/wp-content\/uploads\/2016\/09\/principal-150x150.jpg\" class=\"attachment-thumbnail size-thumbnail\" alt=\"\" \/><\/a>\n\t\t\t<\/div><\/figure>\n\t\t<\/div>\n\n","protected":false},"excerpt":{"rendered":"<p>Durante las ma\u00f1anas del jueves 15 y viernes 16 de septiembre han dado comienzo las actividades lectivas correspondientes al nuevo curso 2016-17 con el recibimiento y las presentaciones de los alumnos. El lunes 19, empezar\u00e1n las clases en su horario normal. El IES. Ben Arab\u00ed ha contado con la presencia del Director General de Universidades [&hellip;]<\/p>\n","protected":false},"author":1,"featured_media":0,"comment_status":"closed","ping_status":"open","sticky":false,"template":"","format":"standard","meta":{"footnotes":""},"categories":[1],"tags":[],"class_list":["post-4583","post","type-post","status-publish","format-standard","hentry","category-sin-categoria"],"_links":{"self":[{"href":"https:\/\/www.benarabi.org\/index.php?rest_route=\/wp\/v2\/posts\/4583","targetHints":{"allow":["GET"]}}],"collection":[{"href":"https:\/\/www.benarabi.org\/index.php?rest_route=\/wp\/v2\/posts"}],"about":[{"href":"https:\/\/www.benarabi.org\/index.php?rest_route=\/wp\/v2\/types\/post"}],"author":[{"embeddable":true,"href":"https:\/\/www.benarabi.org\/index.php?rest_route=\/wp\/v2\/users\/1"}],"replies":[{"embeddable":true,"href":"https:\/\/www.benarabi.org\/index.php?rest_route=%2Fwp%2Fv2%2Fcomments&post=4583"}],"version-history":[{"count":2,"href":"https:\/\/www.benarabi.org\/index.php?rest_route=\/wp\/v2\/posts\/4583\/revisions"}],"predecessor-version":[{"id":4588,"href":"https:\/\/www.benarabi.org\/index.php?rest_route=\/wp\/v2\/posts\/4583\/revisions\/4588"}],"wp:attachment":[{"href":"https:\/\/www.benarabi.org\/index.php?rest_route=%2Fwp%2Fv2%2Fmedia&parent=4583"}],"wp:term":[{"taxonomy":"category","embeddable":true,"href":"https:\/\/www.benarabi.org\/index.php?rest_route=%2Fwp%2Fv2%2Fcategories&post=4583"},{"taxonomy":"post_tag","embeddable":true,"href":"https:\/\/www.benarabi.org\/index.php?rest_route=%2Fwp%2Fv2%2Ftags&post=4583"}],"curies":[{"name":"wp","href":"https:\/\/api.w.org\/{rel}","templated":true}]}}