{"id":4605,"date":"2016-10-13T12:47:26","date_gmt":"2016-10-13T10:47:26","guid":{"rendered":"http:\/\/www.benarabi.org\/?p=4605"},"modified":"2016-10-13T12:47:26","modified_gmt":"2016-10-13T10:47:26","slug":"ies-ben-arabi-compromiso-con-el-reciclaje","status":"publish","type":"post","link":"https:\/\/www.benarabi.org\/?p=4605","title":{"rendered":"IES Ben Arab\u00ed: Compromiso con el Reciclaje"},"content":{"rendered":"<p style=\"text-align: justify;\"><strong>\u00a0 \u00a0 \u00a0 <a href=\"http:\/\/www.benarabi.org\/wp-content\/uploads\/2016\/10\/principal-2.jpg\" rel=\"attachment wp-att-4606\"><img loading=\"lazy\" decoding=\"async\" class=\"alignleft wp-image-4606 size-thumbnail\" src=\"http:\/\/www.benarabi.org\/wp-content\/uploads\/2016\/10\/principal-2-e1476355512818-113x150.jpg\" alt=\"principal (2)\" width=\"113\" height=\"150\" \/><\/a>\u00a0\u00a0<\/strong>Hace ya dos a\u00f1os que el IES Ben Arab\u00ed viene realizando diversas acciones, dentro del Plan de Mejora y en l\u00ednea con su compromiso con la Calidad y la Excelencia, encaminadas a la realizaci\u00f3n de un <em>Plan Integral de Residuos<\/em>. En consonancia con ello, lanza ahora una campa\u00f1a de reciclaje para concienciar a toda la comunidad educativa sobre la importancia de adquirir h\u00e1bitos que reduzcan la emisi\u00f3n de residuos, y que permita la reutilizaci\u00f3n de aquellos que producimos. La iniciativa contempla medidas dirigidas, tanto a mejorar el equipamiento de que dispone el Centro para la recogida selectiva, como a divulgar los conocimientos necesarios para un correcto reciclaje, resaltando los beneficios de extender estas pr\u00e1cticas a todos los \u00e1mbitos.<\/p>\n<p style=\"text-align: justify;\">\u00a0\u00a0\u00a0\u00a0\u00a0\u00a0\u00a0\u00a0\u00a0\u00a0\u00a0 Se han instalado doce puntos limpios distribuidos por todas las instalaciones del Instituto, que cuentan con dep\u00f3sitos espec\u00edficos para papel y cart\u00f3n, envases y pl\u00e1sticos, y basura org\u00e1nica. Adem\u00e1s, cuatro de estas \u201cislas de reciclaje\u201d se han complementado con igl\u00fas para vidrio. Por \u00faltimo, se dispone de un punto para la recogida de pilas y bater\u00edas usadas. La campa\u00f1a tambi\u00e9n incluye la se\u00f1alizaci\u00f3n de los distintos recipientes, con carteles alusivos a las instrucciones b\u00e1sicas para distinguir qu\u00e9 residuos corresponden a cada categor\u00eda.<\/p>\n<p style=\"text-align: justify;\">Esta nueva campa\u00f1a se enmarca dentro del Programa de Educaci\u00f3n para la Salud.<\/p>\n<p style=\"text-align: justify;\"><!--more--><\/p>\n<p style=\"text-align: justify;\">\u00a0\u00a0\u00a0\u00a0\u00a0\u00a0\u00a0\u00a0\u00a0\u00a0\u00a0 Todo esto se refuerza con la intervenci\u00f3n del profesorado a trav\u00e9s de la acci\u00f3n tutorial, incidiendo en la explicaci\u00f3n detallada de las reglas para un reciclaje efectivo, as\u00ed como en las implicaciones que conlleva una mala gesti\u00f3n de los residuos, mediante una variedad de materiales did\u00e1cticos que incluye presentaciones, curiosidades, videos y cuestionarios. Durante todo el a\u00f1o acad\u00e9mico 2016-2017, prestaremos una especial atenci\u00f3n a nuestro comportamiento en relaci\u00f3n con el reciclaje, tanto dentro como fuera del Centro, guiando a nuestros alumnos y comprobando la evoluci\u00f3n del volumen de residuo correctamente clasificado.<\/p>\n<p style=\"text-align: justify;\">\u00a0\u00a0\u00a0\u00a0\u00a0\u00a0\u00a0\u00a0\u00a0\u00a0\u00a0 Esta nueva campa\u00f1a se enmarca dentro del Programa de Educaci\u00f3n para la Salud que, desde hace cuatro a\u00f1os, se viene desarrollando en el Centro con importantes logros, tales como el fomento de una alimentaci\u00f3n saludable, con iniciativas como el <em>D\u00eda de la Fruta<\/em> o la celebraci\u00f3n del <em>Desayuno Saluda<\/em>ble. Tambi\u00e9n cabe destacar la colaboraci\u00f3n con el <em>Centro Regional de Hemodonaci\u00f3n,<\/em> realizando colectas de sangre anuales en el seno del Instituto, o la constituci\u00f3n como <em>Centro Cardiosaludable,<\/em> tras la adquisici\u00f3n de un desfibrilador y la creaci\u00f3n de un equipo de profesionales formados en soporte vital b\u00e1sico, preparados para hacer frente a posibles accidentes cardiovasculares. Estas acciones, junto a otras muchas han posibilitado que, el IES Ben Arab\u00ed, haya sido distinguido por el <em>Ministerio de Educaci\u00f3n, Cultura y Deporte<\/em>, el pasado curso 2015-2016, con el <em>Sello de Calidad \u201cVida Saludable\u201d<\/em> , que reconoce a los mejores centro educativos en el fomento de la salud.<\/p>\n<div id='gallery-1' class='gallery galleryid-4605 gallery-columns-3 gallery-size-thumbnail'><figure class='gallery-item'>\n\t\t\t<div class='gallery-icon portrait'>\n\t\t\t\t<a href='https:\/\/www.benarabi.org\/?attachment_id=4606'><img loading=\"lazy\" decoding=\"async\" width=\"106\" height=\"141\" src=\"https:\/\/www.benarabi.org\/wp-content\/uploads\/2016\/10\/principal-2-e1476355512818-113x150.jpg\" class=\"attachment-thumbnail size-thumbnail\" alt=\"\" \/><\/a>\n\t\t\t<\/div><\/figure><figure class='gallery-item'>\n\t\t\t<div class='gallery-icon landscape'>\n\t\t\t\t<a href='https:\/\/www.benarabi.org\/?attachment_id=4607'><img loading=\"lazy\" decoding=\"async\" width=\"141\" height=\"141\" src=\"https:\/\/www.benarabi.org\/wp-content\/uploads\/2016\/10\/20161013_093157-1-150x150.jpg\" class=\"attachment-thumbnail size-thumbnail\" alt=\"\" \/><\/a>\n\t\t\t<\/div><\/figure><figure class='gallery-item'>\n\t\t\t<div class='gallery-icon portrait'>\n\t\t\t\t<a href='https:\/\/www.benarabi.org\/?attachment_id=4608'><img loading=\"lazy\" decoding=\"async\" width=\"141\" height=\"141\" src=\"https:\/\/www.benarabi.org\/wp-content\/uploads\/2016\/10\/20161013_093048-e1476355600673-150x150.jpg\" class=\"attachment-thumbnail size-thumbnail\" alt=\"\" \/><\/a>\n\t\t\t<\/div><\/figure>\n\t\t<\/div>\n\n","protected":false},"excerpt":{"rendered":"<p>\u00a0 \u00a0 \u00a0 \u00a0\u00a0Hace ya dos a\u00f1os que el IES Ben Arab\u00ed viene realizando diversas acciones, dentro del Plan de Mejora y en l\u00ednea con su compromiso con la Calidad y la Excelencia, encaminadas a la realizaci\u00f3n de un Plan Integral de Residuos. En consonancia con ello, lanza ahora una campa\u00f1a de reciclaje para concienciar [&hellip;]<\/p>\n","protected":false},"author":1,"featured_media":0,"comment_status":"closed","ping_status":"open","sticky":false,"template":"","format":"standard","meta":{"footnotes":""},"categories":[1],"tags":[],"class_list":["post-4605","post","type-post","status-publish","format-standard","hentry","category-sin-categoria"],"_links":{"self":[{"href":"https:\/\/www.benarabi.org\/index.php?rest_route=\/wp\/v2\/posts\/4605","targetHints":{"allow":["GET"]}}],"collection":[{"href":"https:\/\/www.benarabi.org\/index.php?rest_route=\/wp\/v2\/posts"}],"about":[{"href":"https:\/\/www.benarabi.org\/index.php?rest_route=\/wp\/v2\/types\/post"}],"author":[{"embeddable":true,"href":"https:\/\/www.benarabi.org\/index.php?rest_route=\/wp\/v2\/users\/1"}],"replies":[{"embeddable":true,"href":"https:\/\/www.benarabi.org\/index.php?rest_route=%2Fwp%2Fv2%2Fcomments&post=4605"}],"version-history":[{"count":1,"href":"https:\/\/www.benarabi.org\/index.php?rest_route=\/wp\/v2\/posts\/4605\/revisions"}],"predecessor-version":[{"id":4609,"href":"https:\/\/www.benarabi.org\/index.php?rest_route=\/wp\/v2\/posts\/4605\/revisions\/4609"}],"wp:attachment":[{"href":"https:\/\/www.benarabi.org\/index.php?rest_route=%2Fwp%2Fv2%2Fmedia&parent=4605"}],"wp:term":[{"taxonomy":"category","embeddable":true,"href":"https:\/\/www.benarabi.org\/index.php?rest_route=%2Fwp%2Fv2%2Fcategories&post=4605"},{"taxonomy":"post_tag","embeddable":true,"href":"https:\/\/www.benarabi.org\/index.php?rest_route=%2Fwp%2Fv2%2Ftags&post=4605"}],"curies":[{"name":"wp","href":"https:\/\/api.w.org\/{rel}","templated":true}]}}