{"id":4654,"date":"2016-11-14T10:27:00","date_gmt":"2016-11-14T09:27:00","guid":{"rendered":"http:\/\/www.benarabi.org\/?p=4654"},"modified":"2016-11-14T10:27:21","modified_gmt":"2016-11-14T09:27:21","slug":"constitucion-de-la-junta-de-delegados-curso-2016-17","status":"publish","type":"post","link":"https:\/\/www.benarabi.org\/?p=4654","title":{"rendered":"Constituci\u00f3n de la Junta de Delegados curso 2016-17"},"content":{"rendered":"<p style=\"text-align: justify;\"><a href=\"http:\/\/www.benarabi.org\/wp-content\/uploads\/2016\/11\/P61103-101140.jpg\" rel=\"attachment wp-att-4656\"><img loading=\"lazy\" decoding=\"async\" class=\"alignleft wp-image-4656 size-full\" src=\"http:\/\/www.benarabi.org\/wp-content\/uploads\/2016\/11\/P61103-101140-e1479115602576.jpg\" alt=\"P61103-101140\" width=\"150\" height=\"111\" \/><\/a>El pasado jueves <strong>3 de noviembre<\/strong> se constituy\u00f3 la\u00a0<strong>Junta de delegados<\/strong>\u00a0para el curso\u00a0<strong>2016-17.<\/strong>\u00a0Est\u00e1 integrada por los delegados de los distintos grupos y por los representantes de los alumnos en el Consejo Escolar. El Presidente de la misma es el alumno m\u00e1s votado entre los elegidos en el Consejo Escolar, Alberto Jim\u00e9nez Alcaraz, del grupo B1CC, que adem\u00e1s ostentar\u00e1 la representaci\u00f3n de los alumnos en los actos protocolarios en los que se requiera su presencia. El secretario de la Junta es el alumno de menor edad de entre los delegados de 2\u00ba de Bachillerato, Nicol\u00e1s A. Lasso Duva, del grupo B21C.<\/p>\n<p style=\"text-align: justify;\">Si quieres conocer el\u00a0<strong>listado de alumnos<\/strong>\u00a0que constituyen la Junta, <a href=\"http:\/\/www.benarabi.org\/wp-content\/uploads\/2016\/11\/Delegados16-17.doc\" rel=\"\">pincha aqu\u00ed.<\/a><\/p>\n<p style=\"text-align: justify;\">En esta primera reuni\u00f3n adem\u00e1s de constituirse la Junta, se trataron temas de gran inter\u00e9s como las funciones de los delegados y subdelegados de cada grupo, la renovaci\u00f3n parcial del Consejo Escolar y la difusi\u00f3n de las candidaturas de la XIX Edici\u00f3n del Premio Jacinto Alcaraz Mellado.<\/p>\n","protected":false},"excerpt":{"rendered":"<p>El pasado jueves 3 de noviembre se constituy\u00f3 la\u00a0Junta de delegados\u00a0para el curso\u00a02016-17.\u00a0Est\u00e1 integrada por los delegados de los distintos grupos y por los representantes de los alumnos en el Consejo Escolar. El Presidente de la misma es el alumno m\u00e1s votado entre los elegidos en el Consejo Escolar, Alberto Jim\u00e9nez Alcaraz, del grupo B1CC, [&hellip;]<\/p>\n","protected":false},"author":1,"featured_media":0,"comment_status":"closed","ping_status":"open","sticky":false,"template":"","format":"standard","meta":{"footnotes":""},"categories":[1],"tags":[],"class_list":["post-4654","post","type-post","status-publish","format-standard","hentry","category-sin-categoria"],"_links":{"self":[{"href":"https:\/\/www.benarabi.org\/index.php?rest_route=\/wp\/v2\/posts\/4654","targetHints":{"allow":["GET"]}}],"collection":[{"href":"https:\/\/www.benarabi.org\/index.php?rest_route=\/wp\/v2\/posts"}],"about":[{"href":"https:\/\/www.benarabi.org\/index.php?rest_route=\/wp\/v2\/types\/post"}],"author":[{"embeddable":true,"href":"https:\/\/www.benarabi.org\/index.php?rest_route=\/wp\/v2\/users\/1"}],"replies":[{"embeddable":true,"href":"https:\/\/www.benarabi.org\/index.php?rest_route=%2Fwp%2Fv2%2Fcomments&post=4654"}],"version-history":[{"count":2,"href":"https:\/\/www.benarabi.org\/index.php?rest_route=\/wp\/v2\/posts\/4654\/revisions"}],"predecessor-version":[{"id":4658,"href":"https:\/\/www.benarabi.org\/index.php?rest_route=\/wp\/v2\/posts\/4654\/revisions\/4658"}],"wp:attachment":[{"href":"https:\/\/www.benarabi.org\/index.php?rest_route=%2Fwp%2Fv2%2Fmedia&parent=4654"}],"wp:term":[{"taxonomy":"category","embeddable":true,"href":"https:\/\/www.benarabi.org\/index.php?rest_route=%2Fwp%2Fv2%2Fcategories&post=4654"},{"taxonomy":"post_tag","embeddable":true,"href":"https:\/\/www.benarabi.org\/index.php?rest_route=%2Fwp%2Fv2%2Ftags&post=4654"}],"curies":[{"name":"wp","href":"https:\/\/api.w.org\/{rel}","templated":true}]}}