{"id":4673,"date":"2016-11-21T12:37:13","date_gmt":"2016-11-21T11:37:13","guid":{"rendered":"http:\/\/www.benarabi.org\/?p=4673"},"modified":"2016-11-21T12:37:13","modified_gmt":"2016-11-21T11:37:13","slug":"el-ies-ben-arabi-en-la-celebracion-del-dia-internacional-de-los-derechos-de-la-infancia","status":"publish","type":"post","link":"https:\/\/www.benarabi.org\/?p=4673","title":{"rendered":"El IES. Ben Arab\u00ed en la celebraci\u00f3n del D\u00eda Internacional de los Derechos de la Infancia"},"content":{"rendered":"<p style=\"text-align: justify;\"><a href=\"http:\/\/www.benarabi.org\/wp-content\/uploads\/2016\/11\/Sin-t\u00edtulo.png\" rel=\"attachment wp-att-4674\"><img loading=\"lazy\" decoding=\"async\" class=\"alignleft wp-image-4674 size-full\" src=\"http:\/\/www.benarabi.org\/wp-content\/uploads\/2016\/11\/Sin-t\u00edtulo-e1479728204722.png\" alt=\"Sin t\u00edtulo\" width=\"150\" height=\"204\" \/><\/a>El IES Ben Arab\u00ed ha formado parte de los actos, organizados por el Ayuntamiento de Cartagena, para conmemorar el D\u00eda Internacional de los Derechos de la Infancia, que se celebr\u00f3 el pasado viernes 18 de noviembre. Los alumnos de 2\u00ba de Bachillerato de Artes, coordinados por la Profesora D\u00f1a. Beatriz Villarino Mart\u00ednez, han escrito y representado una obra teatral en un acto titulada: \u201cMartinito\u201d, y cuyo contenido versa sobre los Derechos del Ni\u00f1o, a la que asistieron como espectadores alumnos de 2\u00ba de Bachillerato y 3\u00ba de ESO.<\/p>\n<p style=\"text-align: justify;\">Esta iniciativa se enmarca en un proyecto educativo intercentros, iniciado el pasado curso con la EEI Pipiripao, y que supone un beneficio mutuo para ambas instituciones: los estudiantes de Bachillerato interact\u00faan con los alumnos de Educaci\u00f3n Infantil, iniciando a \u00e9stos en la realidad esc\u00e9nica. Con este tipo de alianzas, el IES Ben Arab\u00ed mantiene su compromiso con la comunidad y los agentes sociales m\u00e1s pr\u00f3ximos, en consonancia con los objetivos contemplados en el modelo de gesti\u00f3n de calidad CAF-Educaci\u00f3n, en el que el Centro est\u00e1 involucrado.<\/p>\n","protected":false},"excerpt":{"rendered":"<p>El IES Ben Arab\u00ed ha formado parte de los actos, organizados por el Ayuntamiento de Cartagena, para conmemorar el D\u00eda Internacional de los Derechos de la Infancia, que se celebr\u00f3 el pasado viernes 18 de noviembre. Los alumnos de 2\u00ba de Bachillerato de Artes, coordinados por la Profesora D\u00f1a. Beatriz Villarino Mart\u00ednez, han escrito y [&hellip;]<\/p>\n","protected":false},"author":1,"featured_media":0,"comment_status":"closed","ping_status":"open","sticky":false,"template":"","format":"standard","meta":{"footnotes":""},"categories":[1],"tags":[],"class_list":["post-4673","post","type-post","status-publish","format-standard","hentry","category-sin-categoria"],"_links":{"self":[{"href":"https:\/\/www.benarabi.org\/index.php?rest_route=\/wp\/v2\/posts\/4673","targetHints":{"allow":["GET"]}}],"collection":[{"href":"https:\/\/www.benarabi.org\/index.php?rest_route=\/wp\/v2\/posts"}],"about":[{"href":"https:\/\/www.benarabi.org\/index.php?rest_route=\/wp\/v2\/types\/post"}],"author":[{"embeddable":true,"href":"https:\/\/www.benarabi.org\/index.php?rest_route=\/wp\/v2\/users\/1"}],"replies":[{"embeddable":true,"href":"https:\/\/www.benarabi.org\/index.php?rest_route=%2Fwp%2Fv2%2Fcomments&post=4673"}],"version-history":[{"count":1,"href":"https:\/\/www.benarabi.org\/index.php?rest_route=\/wp\/v2\/posts\/4673\/revisions"}],"predecessor-version":[{"id":4675,"href":"https:\/\/www.benarabi.org\/index.php?rest_route=\/wp\/v2\/posts\/4673\/revisions\/4675"}],"wp:attachment":[{"href":"https:\/\/www.benarabi.org\/index.php?rest_route=%2Fwp%2Fv2%2Fmedia&parent=4673"}],"wp:term":[{"taxonomy":"category","embeddable":true,"href":"https:\/\/www.benarabi.org\/index.php?rest_route=%2Fwp%2Fv2%2Fcategories&post=4673"},{"taxonomy":"post_tag","embeddable":true,"href":"https:\/\/www.benarabi.org\/index.php?rest_route=%2Fwp%2Fv2%2Ftags&post=4673"}],"curies":[{"name":"wp","href":"https:\/\/api.w.org\/{rel}","templated":true}]}}