{"id":4677,"date":"2016-11-29T12:10:07","date_gmt":"2016-11-29T11:10:07","guid":{"rendered":"http:\/\/www.benarabi.org\/?p=4677"},"modified":"2016-11-29T12:10:07","modified_gmt":"2016-11-29T11:10:07","slug":"el-ayuntamiento-declara-a-cartagena-ciudad-hernandiana-a-propuesta-del-aula-miguel-hernandez-del-ies-ben-arabi","status":"publish","type":"post","link":"https:\/\/www.benarabi.org\/?p=4677","title":{"rendered":"El Ayuntamiento declara a Cartagena Ciudad Hernandiana a propuesta del Aula \u201cMiguel Hern\u00e1ndez\u201d del IES. Ben Arabi"},"content":{"rendered":"<p>&nbsp;<\/p>\n<p style=\"text-align: justify;\">\u00a0<a href=\"http:\/\/www.benarabi.org\/wp-content\/uploads\/2016\/11\/IMG-20161124-WA0003.jpg\" rel=\"attachment wp-att-4679\"><img loading=\"lazy\" decoding=\"async\" class=\"alignleft wp-image-4679 size-full\" src=\"http:\/\/www.benarabi.org\/wp-content\/uploads\/2016\/11\/IMG-20161124-WA0003-e1480417796160.jpg\" alt=\"IMG-20161124-WA0003\" width=\"150\" height=\"84\" \/><\/a>\u00a0\u00a0\u00a0\u00a0\u00a0\u00a0\u00a0\u00a0\u00a0 El pasado 24 de noviembre fue aprobada por unanimidad, en el Pleno del Ayuntamiento, una moci\u00f3n para declarar a Cartagena \u201cCiudad Hernandiana\u201d. Coincidiendo con el 75 aniversario de la muerte del poeta oriolano, y teniendo como referencia fundamental la vinculaci\u00f3n de la obra de Miguel Hern\u00e1ndez al entorno humano y geogr\u00e1fico de nuestra ciudad, en las d\u00e9cadas previas a la Guerra Civil Espa\u00f1ola, se ha pretendido as\u00ed rendir un homenaje a la figura y obra del poeta.<\/p>\n<p style=\"text-align: justify;\">\u00a0\u00a0\u00a0\u00a0\u00a0\u00a0\u00a0\u00a0\u00a0\u00a0 La moci\u00f3n ha sido planteada por D. Francisco Jos\u00e9 Franco Fern\u00e1ndez, profesor de nuestro Centro y cronista oficial de la ciudad, as\u00ed como por D. Aitor Larrabide Ach\u00fategui, Director de la Fundaci\u00f3n Cultural Miguel Hern\u00e1ndez, en el marco del Aula \u201cMiguel Hern\u00e1ndez\u201d, dependiente de nuestro Centro. Entre las actuaciones aprobadas, se incluye la declaraci\u00f3n de Cartagena como \u201cCiudad Hernandiana\u201d, as\u00ed como la celebraci\u00f3n, en nuestro municipio, de actos en conmemoraci\u00f3n del poeta durante el pr\u00f3ximo a\u00f1o. Tambi\u00e9n prev\u00e9 la moci\u00f3n el inicio de los tr\u00e1mites para declarar el hermanamiento entre las ciudades de Orihuela y Cartagena, as\u00ed como el favorecer la celebraci\u00f3n de otros actos por cuantas instituciones se sumen a la celebraci\u00f3n, para la difusi\u00f3n de la vida y la obra del poeta.<\/p>\n<p style=\"text-align: justify;\">\u00a0\u00a0\u00a0\u00a0\u00a0\u00a0\u00a0\u00a0\u00a0\u00a0\u00a0 Al Pleno asistieron el Director del IES Ben Arab\u00ed, D. Manuel D\u00edaz Segura y el Jefe del Departamento de Lengua Castellana y Literatura D. Enrique Carlos Pineda Gonz\u00e1lez, junto a los impulsores de la iniciativa.<\/p>\n<p style=\"text-align: justify;\">\u00a0\u00a0\u00a0\u00a0\u00a0\u00a0\u00a0\u00a0\u00a0\u00a0 Con ello, el IES Ben Arab\u00ed, a trav\u00e9s del aula Miguel Hern\u00e1ndez, creada en nuestro Centro en 2015, recibe el impulso del Ayuntamiento al m\u00e1s alto nivel, y refuerza sus compromisos y alianzas con otras Instituciones de nuestro entorno, buscando la excelencia en la implementaci\u00f3n de la formaci\u00f3n de nuestros alumnos.<\/p>\n<p style=\"text-align: justify;\">\u00a0\u00a0\u00a0\u00a0\u00a0\u00a0\u00a0\u00a0\u00a0\u00a0\u00a0 Si deseas leer la moci\u00f3n aprobada, <a href=\"http:\/\/www.benarabi.org\/wp-content\/uploads\/2016\/11\/MOCI\u00d3N-MIGUEL-HERN\u00c1NDEZ.docx\" rel=\"\">pincha aqu\u00ed<\/a>.<\/p>\n","protected":false},"excerpt":{"rendered":"<p>&nbsp; \u00a0\u00a0\u00a0\u00a0\u00a0\u00a0\u00a0\u00a0\u00a0\u00a0 El pasado 24 de noviembre fue aprobada por unanimidad, en el Pleno del Ayuntamiento, una moci\u00f3n para declarar a Cartagena \u201cCiudad Hernandiana\u201d. Coincidiendo con el 75 aniversario de la muerte del poeta oriolano, y teniendo como referencia fundamental la vinculaci\u00f3n de la obra de Miguel Hern\u00e1ndez al entorno humano y geogr\u00e1fico de nuestra [&hellip;]<\/p>\n","protected":false},"author":1,"featured_media":0,"comment_status":"closed","ping_status":"open","sticky":false,"template":"","format":"standard","meta":{"footnotes":""},"categories":[1],"tags":[],"class_list":["post-4677","post","type-post","status-publish","format-standard","hentry","category-sin-categoria"],"_links":{"self":[{"href":"https:\/\/www.benarabi.org\/index.php?rest_route=\/wp\/v2\/posts\/4677","targetHints":{"allow":["GET"]}}],"collection":[{"href":"https:\/\/www.benarabi.org\/index.php?rest_route=\/wp\/v2\/posts"}],"about":[{"href":"https:\/\/www.benarabi.org\/index.php?rest_route=\/wp\/v2\/types\/post"}],"author":[{"embeddable":true,"href":"https:\/\/www.benarabi.org\/index.php?rest_route=\/wp\/v2\/users\/1"}],"replies":[{"embeddable":true,"href":"https:\/\/www.benarabi.org\/index.php?rest_route=%2Fwp%2Fv2%2Fcomments&post=4677"}],"version-history":[{"count":1,"href":"https:\/\/www.benarabi.org\/index.php?rest_route=\/wp\/v2\/posts\/4677\/revisions"}],"predecessor-version":[{"id":4680,"href":"https:\/\/www.benarabi.org\/index.php?rest_route=\/wp\/v2\/posts\/4677\/revisions\/4680"}],"wp:attachment":[{"href":"https:\/\/www.benarabi.org\/index.php?rest_route=%2Fwp%2Fv2%2Fmedia&parent=4677"}],"wp:term":[{"taxonomy":"category","embeddable":true,"href":"https:\/\/www.benarabi.org\/index.php?rest_route=%2Fwp%2Fv2%2Fcategories&post=4677"},{"taxonomy":"post_tag","embeddable":true,"href":"https:\/\/www.benarabi.org\/index.php?rest_route=%2Fwp%2Fv2%2Ftags&post=4677"}],"curies":[{"name":"wp","href":"https:\/\/api.w.org\/{rel}","templated":true}]}}