{"id":4722,"date":"2017-01-11T10:20:47","date_gmt":"2017-01-11T09:20:47","guid":{"rendered":"http:\/\/www.benarabi.org\/?p=4722"},"modified":"2017-01-11T10:21:16","modified_gmt":"2017-01-11T09:21:16","slug":"convocadas-pruebas-de-acceso-a-ciclos-de-grado-medio-y-superior-de-formacion-profesional-para-el-ano-2017","status":"publish","type":"post","link":"https:\/\/www.benarabi.org\/?p=4722","title":{"rendered":"Convocadas Pruebas de Acceso a Ciclos de Grado Medio y Superior de Formaci\u00f3n Profesional para el a\u00f1o 2017"},"content":{"rendered":"<p style=\"text-align: justify;\"><a href=\"http:\/\/www.benarabi.org\/wp-content\/uploads\/2015\/01\/imagenCICLOSFORMATIVOSFP-e1420801769607.jpg\" rel=\"attachment wp-att-3535\"><img loading=\"lazy\" decoding=\"async\" class=\"alignleft size-full wp-image-3535\" src=\"http:\/\/www.benarabi.org\/wp-content\/uploads\/2015\/01\/imagenCICLOSFORMATIVOSFP-e1420801769607.jpg\" alt=\"imagenCICLOSFORMATIVOSFP\" width=\"150\" height=\"162\" \/><\/a>La Consejer\u00eda\u00a0de Educaci\u00f3n y Universidades de la Comunidad Aut\u00f3noma de la Regi\u00f3n\u00a0de Murcia, convoca las Pruebas de Acceso a los Ciclos Formativos de Grado Medio\u00a0y Superior de Formaci\u00f3n Profesional del Sistema Educativo, para el a\u00f1o 2017,\u00a0cuyo\u00a0plazo de inscripci\u00f3n\u00a0se inicia desde las 9:00 horas del lunes <strong>16 de enero<\/strong> hasta las 14:00 horas del viernes <strong>3 de febrero<\/strong> de 2017, ambos incluidos.<\/p>\n<p style=\"text-align: justify;\">Si quieres ver el enlace de la Consejer\u00eda donde vienen los contenidos de referencia,\u00a0calendario y horario de las pruebas, acceso a solicitud online, ex\u00e1menes de convocatorias anteriores, orientaciones,\u2026, <a href=\"http:\/\/www.carm.es\/web\/pagina?IDCONTENIDO=27281&amp;IDTIPO=100&amp;RASTRO=c816$m17010\">pincha aqu\u00ed<\/a><\/p>\n<p style=\"text-align: justify;\">Si quieres ver la convocatoria completa, <a href=\"http:\/\/www.benarabi.org\/wp-content\/uploads\/2017\/01\/convovatoria-pruebas-acceso-ciclos-formativos2017.pdf\" rel=\"\">pincha aqu\u00ed<\/a>.<\/p>\n<p style=\"text-align: justify;\">Para m\u00e1s informaci\u00f3n puedes consultar a tu tutor, al Departamento de Orientaci\u00f3n y\u00a0tambi\u00e9n consultar en la web\u00a0<a href=\"http:\/\/www.llegarasalto.com.\/\">www.llegarasalto.com.<\/a><\/p>\n","protected":false},"excerpt":{"rendered":"<p>La Consejer\u00eda\u00a0de Educaci\u00f3n y Universidades de la Comunidad Aut\u00f3noma de la Regi\u00f3n\u00a0de Murcia, convoca las Pruebas de Acceso a los Ciclos Formativos de Grado Medio\u00a0y Superior de Formaci\u00f3n Profesional del Sistema Educativo, para el a\u00f1o 2017,\u00a0cuyo\u00a0plazo de inscripci\u00f3n\u00a0se inicia desde las 9:00 horas del lunes 16 de enero hasta las 14:00 horas del viernes 3 [&hellip;]<\/p>\n","protected":false},"author":1,"featured_media":0,"comment_status":"closed","ping_status":"open","sticky":false,"template":"","format":"standard","meta":{"footnotes":""},"categories":[1],"tags":[],"class_list":["post-4722","post","type-post","status-publish","format-standard","hentry","category-sin-categoria"],"_links":{"self":[{"href":"https:\/\/www.benarabi.org\/index.php?rest_route=\/wp\/v2\/posts\/4722","targetHints":{"allow":["GET"]}}],"collection":[{"href":"https:\/\/www.benarabi.org\/index.php?rest_route=\/wp\/v2\/posts"}],"about":[{"href":"https:\/\/www.benarabi.org\/index.php?rest_route=\/wp\/v2\/types\/post"}],"author":[{"embeddable":true,"href":"https:\/\/www.benarabi.org\/index.php?rest_route=\/wp\/v2\/users\/1"}],"replies":[{"embeddable":true,"href":"https:\/\/www.benarabi.org\/index.php?rest_route=%2Fwp%2Fv2%2Fcomments&post=4722"}],"version-history":[{"count":2,"href":"https:\/\/www.benarabi.org\/index.php?rest_route=\/wp\/v2\/posts\/4722\/revisions"}],"predecessor-version":[{"id":4725,"href":"https:\/\/www.benarabi.org\/index.php?rest_route=\/wp\/v2\/posts\/4722\/revisions\/4725"}],"wp:attachment":[{"href":"https:\/\/www.benarabi.org\/index.php?rest_route=%2Fwp%2Fv2%2Fmedia&parent=4722"}],"wp:term":[{"taxonomy":"category","embeddable":true,"href":"https:\/\/www.benarabi.org\/index.php?rest_route=%2Fwp%2Fv2%2Fcategories&post=4722"},{"taxonomy":"post_tag","embeddable":true,"href":"https:\/\/www.benarabi.org\/index.php?rest_route=%2Fwp%2Fv2%2Ftags&post=4722"}],"curies":[{"name":"wp","href":"https:\/\/api.w.org\/{rel}","templated":true}]}}