{"id":4903,"date":"2017-02-10T13:01:11","date_gmt":"2017-02-10T12:01:11","guid":{"rendered":"http:\/\/www.benarabi.org\/?p=4903"},"modified":"2017-03-13T16:51:24","modified_gmt":"2017-03-13T15:51:24","slug":"4903","status":"publish","type":"post","link":"https:\/\/www.benarabi.org\/?p=4903","title":{"rendered":"Visita al Museo Naval de Cartagena"},"content":{"rendered":"<p><a href=\"http:\/\/www.benarabi.org\/wp-content\/uploads\/2017\/02\/bater\u00eda-ca\u00f1ones.jpg\"><img loading=\"lazy\" decoding=\"async\" class=\"alignleft size-thumbnail wp-image-4974\" src=\"http:\/\/www.benarabi.org\/wp-content\/uploads\/2017\/02\/bater\u00eda-ca\u00f1ones-150x150.jpg\" alt=\"\" width=\"150\" height=\"150\"><\/a>Durante los d\u00edas 7 y 8 de febrero, los alumnos de los grupos de 2\u00ba ESO han visitado el Museo Naval. El&nbsp;<strong>Museo Naval de Cartagena<\/strong>&nbsp;es un museo militar ubicado en el&nbsp; puerto de la ciudad y &nbsp;presenta exposiciones relacionadas con la construcci\u00f3n naval. Entre una de sus salas se encuentra la <strong>Sala Isaac<\/strong><strong> Peral, <\/strong>dedicada al inventor Isaac Peral, en la que se exponen planos, documentos y objetos personales que forman parte del Patrimonio Nacional, adem\u00e1s de pinturas maquetas del&nbsp;submarino y un retrato de Isaac Peral.<\/p>\n<p>Los voluntarios del Museo actuaron como gu\u00edas y facilitaron la posibilidad de que los alumnos hicieran fotos y v\u00eddeos. Esta salida completa algunos de los est\u00e1ndares de aprendizaje trabajados en el aula ya que realizar\u00e1n diferentes actividades como el dise\u00f1o de un c\u00f3mic, el dise\u00f1o, en equipo, de mensajes visuales y audiovisuales con distintas funciones, utilizando diferentes lenguajes y c\u00f3digos, as\u00ed como el dise\u00f1o de un mensaje publicitario utilizando recursos visuales como las figuras ret\u00f3ricas.<!--more--><\/p>\n<p>La actividad se hace en parte en la salida (recogida del material) pero los alumnos pueden necesitar completarla posteriormente, y luego reunir y montarlo. Los trabajos estar\u00e1n realizados dentro de unas sesiones de clase.<\/p>\n<p>El contenido de estos v\u00eddeos se ha planteado con libertad, pudi\u00e9ndose realizar en formato documental (sobre el museo, sobre el turismo en la ciudad, sobre la clase&#8230;) o bien en formato publicitario -aunque no se han visto a\u00fan contenidos propios de publicidad, los alumnos abordar\u00e1n la actividad intuitivamente como aproximaci\u00f3n personal al contenido- o una historia de tipo creativo que tenga como escenario el museo o la zona portuaria donde est\u00e1 ubicado.<\/p>\n<p>Los grupos que utilicen est\u00e1ndar del c\u00f3mic como referente o t\u00f3pico podr\u00e1n optar por las mismas opciones, aunque la \u00faltima parece prestarse m\u00e1s.<\/p>\n<div id='gallery-1' class='gallery galleryid-4903 gallery-columns-2 gallery-size-thumbnail'><figure class='gallery-item'>\n\t\t\t<div class='gallery-icon landscape'>\n\t\t\t\t<a href='https:\/\/www.benarabi.org\/?attachment_id=4907'><img loading=\"lazy\" decoding=\"async\" width=\"141\" height=\"141\" src=\"https:\/\/www.benarabi.org\/wp-content\/uploads\/2017\/02\/museonaval4-1-150x150.jpg\" class=\"attachment-thumbnail size-thumbnail\" alt=\"\" \/><\/a>\n\t\t\t<\/div><\/figure><figure class='gallery-item'>\n\t\t\t<div class='gallery-icon landscape'>\n\t\t\t\t<a href='https:\/\/www.benarabi.org\/?attachment_id=4904'><img loading=\"lazy\" decoding=\"async\" width=\"141\" height=\"141\" src=\"https:\/\/www.benarabi.org\/wp-content\/uploads\/2017\/02\/museonaval1-150x150.jpg\" class=\"attachment-thumbnail size-thumbnail\" alt=\"\" \/><\/a>\n\t\t\t<\/div><\/figure><figure class='gallery-item'>\n\t\t\t<div class='gallery-icon landscape'>\n\t\t\t\t<a href='https:\/\/www.benarabi.org\/?attachment_id=4905'><img loading=\"lazy\" decoding=\"async\" width=\"141\" height=\"141\" src=\"https:\/\/www.benarabi.org\/wp-content\/uploads\/2017\/02\/museonaval2-150x150.jpg\" class=\"attachment-thumbnail size-thumbnail\" alt=\"\" \/><\/a>\n\t\t\t<\/div><\/figure><figure class='gallery-item'>\n\t\t\t<div class='gallery-icon landscape'>\n\t\t\t\t<a href='https:\/\/www.benarabi.org\/?attachment_id=4906'><img loading=\"lazy\" decoding=\"async\" width=\"141\" height=\"141\" src=\"https:\/\/www.benarabi.org\/wp-content\/uploads\/2017\/02\/museonaval3-150x150.jpg\" class=\"attachment-thumbnail size-thumbnail\" alt=\"\" \/><\/a>\n\t\t\t<\/div><\/figure>\n\t\t<\/div>\n\n","protected":false},"excerpt":{"rendered":"<p>Durante los d\u00edas 7 y 8 de febrero, los alumnos de los grupos de 2\u00ba ESO han visitado el Museo Naval. El&nbsp;Museo Naval de Cartagena&nbsp;es un museo militar ubicado en el&nbsp; puerto de la ciudad y &nbsp;presenta exposiciones relacionadas con la construcci\u00f3n naval. Entre una de sus salas se encuentra la Sala Isaac Peral, dedicada [&hellip;]<\/p>\n","protected":false},"author":1,"featured_media":0,"comment_status":"closed","ping_status":"open","sticky":false,"template":"","format":"standard","meta":{"footnotes":""},"categories":[1],"tags":[],"class_list":["post-4903","post","type-post","status-publish","format-standard","hentry","category-sin-categoria"],"_links":{"self":[{"href":"https:\/\/www.benarabi.org\/index.php?rest_route=\/wp\/v2\/posts\/4903","targetHints":{"allow":["GET"]}}],"collection":[{"href":"https:\/\/www.benarabi.org\/index.php?rest_route=\/wp\/v2\/posts"}],"about":[{"href":"https:\/\/www.benarabi.org\/index.php?rest_route=\/wp\/v2\/types\/post"}],"author":[{"embeddable":true,"href":"https:\/\/www.benarabi.org\/index.php?rest_route=\/wp\/v2\/users\/1"}],"replies":[{"embeddable":true,"href":"https:\/\/www.benarabi.org\/index.php?rest_route=%2Fwp%2Fv2%2Fcomments&post=4903"}],"version-history":[{"count":4,"href":"https:\/\/www.benarabi.org\/index.php?rest_route=\/wp\/v2\/posts\/4903\/revisions"}],"predecessor-version":[{"id":4975,"href":"https:\/\/www.benarabi.org\/index.php?rest_route=\/wp\/v2\/posts\/4903\/revisions\/4975"}],"wp:attachment":[{"href":"https:\/\/www.benarabi.org\/index.php?rest_route=%2Fwp%2Fv2%2Fmedia&parent=4903"}],"wp:term":[{"taxonomy":"category","embeddable":true,"href":"https:\/\/www.benarabi.org\/index.php?rest_route=%2Fwp%2Fv2%2Fcategories&post=4903"},{"taxonomy":"post_tag","embeddable":true,"href":"https:\/\/www.benarabi.org\/index.php?rest_route=%2Fwp%2Fv2%2Ftags&post=4903"}],"curies":[{"name":"wp","href":"https:\/\/api.w.org\/{rel}","templated":true}]}}