{"id":4949,"date":"2017-03-01T08:39:12","date_gmt":"2017-03-01T07:39:12","guid":{"rendered":"http:\/\/www.benarabi.org\/?p=4949"},"modified":"2017-03-01T08:44:23","modified_gmt":"2017-03-01T07:44:23","slug":"el-ies-ben-arabi-convoca-el-iii-certamen-literario-aula-miguel-hernandez","status":"publish","type":"post","link":"https:\/\/www.benarabi.org\/?p=4949","title":{"rendered":"El IES Ben Arab\u00ed convoca el III Certamen Literario Aula Miguel Hern\u00e1ndez"},"content":{"rendered":"<p style=\"text-align: left;\"><a href=\"http:\/\/www.benarabi.org\/wp-content\/uploads\/2017\/03\/Sin-t\u00edtulo.png\"><img loading=\"lazy\" decoding=\"async\" class=\"alignleft wp-image-4950 size-full\" src=\"http:\/\/www.benarabi.org\/wp-content\/uploads\/2017\/03\/Sin-t\u00edtulo-e1488353930533.png\" width=\"150\" height=\"211\" \/><\/a>Cumpliendo con las alianzas que el Centro mantiene con otras Instituciones, y dentro de su apuesta por la Excelencia Educativa, el IES Ben Arab\u00ed convoca, por tercer a\u00f1o consecutivo, el <em>Certamen Literario Aula Miguel Hern\u00e1ndez<\/em>, conmemorando, en esta ocasi\u00f3n, el 75 aniversario del nacimiento del poeta el pr\u00f3ximo 28 de marzo. El prop\u00f3sito fundamental de este Certamen, as\u00ed como de las actividades que vienen realiz\u00e1ndose desde hace ya m\u00e1s de tres cursos, es dar a conocer el legado literario del autor.<\/p>\n<p style=\"text-align: left;\">Ahora, en consonancia con la relevancia que este a\u00f1o adquiere la figura de Miguel Hern\u00e1ndez, el IES Ben Arab\u00ed redobla sus esfuerzos para continuar siendo un referente en el estudio y la divulgaci\u00f3n del autor extendiendo el \u00e1mbito del III Certamen Literario a toda la Regi\u00f3n de Murcia, ampliando con una nueva modalidad, que incluye la participaci\u00f3n del profesorado, junto con las ya existentes para alumnos de ESO, Formaci\u00f3n Profesional B\u00e1sica y Bachillerato, y mejorando la dotaci\u00f3n de cada uno de los premios. Tambi\u00e9n se estrenar\u00e1, auspiciada por el Ayuntamiento de Cartagena, una obra teatral original en gran formato, ideada por la Profesora del Departamento de Lengua Castellana y Literatura, D\u00aa Bel\u00e9n Pi\u00f1ana, y representada por alumnos del Centro, que se inspira en la vida del poeta cabrero.<!--more--><\/p>\n<p style=\"text-align: left;\">El 27 de marzo de 2014, el IES Ben Arab\u00ed firm\u00f3 un convenio de colaboraci\u00f3n con la <em>Fundaci\u00f3n Cultural Miguel Hern\u00e1ndez<\/em> para la creaci\u00f3n en Cartagena del <em>Aula Miguel Hern\u00e1ndez<\/em>, como \u00f3rgano encargado de gestionar las distintas acciones que, anualmente, se impulsaran en el municipio y su comarca sobre el estudio y la difusi\u00f3n de la vida y obra del poeta oriolano.<\/p>\n<p style=\"text-align: left;\">El 28 de noviembre del mismo a\u00f1o, fue inaugurada solemnemente el <em>Aula Miguel Hern\u00e1ndez<\/em>, y con ella comenz\u00f3 la proyecci\u00f3n y realizaci\u00f3n de m\u00faltiples actividades, impulsadas, principalmente por los Departamentos de Lengua Castellana y Literatura, y de Geograf\u00eda e Historia. Entre ellas, cabe destacar la celebraci\u00f3n anual del Certamen Literario del que ahora ve la luz su tercera edici\u00f3n; la visita, tambi\u00e9n anual, a la Casa-Museo de Miguel Hern\u00e1ndez en Orihuela, de los alumnos de segundo de Bachillerato;\u00a0 la creaci\u00f3n de un blog sobre el poeta; las visitas al Archivo Municipal de Cartagena y al Museo de Artiller\u00eda, as\u00ed como la publicaci\u00f3n en octubre de 2015 del libro <em>Miguel Hern\u00e1ndez y Cartagena. <\/em>In Memoriam<em> Jos\u00e9 Mar\u00eda de Juana<\/em>, coordinado por el Profesor del Centro, D. Francisco Jos\u00e9 Franco, y por D. Joaqu\u00edn Jare\u00f1o, del <em>Instituto Cartagenero de Investigaciones Hist\u00f3ricas (INCIS)<\/em>, y que cont\u00f3 con las aportaciones de un nutrido n\u00famero de docentes del IES Ben Arab\u00ed.<\/p>\n<p style=\"text-align: left;\">Durante el curso 2014-2015, se celebr\u00f3 el <em>I Certamen de Poes\u00eda Aula Miguel Hern\u00e1ndez<\/em>, y su segunda edici\u00f3n tuvo lugar en el curso 2015-2016, aumentando progresivamente la participaci\u00f3n del alumnado y la calidad de los trabajos presentados. La entrega de premios de esta segunda edici\u00f3n se llev\u00f3 a cabo en el marco de un recital de poes\u00eda: <em>Viaje a nuestra historia literaria<\/em>, en el que participaron numerosos alumnos del Centro, y con el que culmin\u00f3 la semana de actividades organizadas con ocasi\u00f3n del <em>D\u00eda del Libro<\/em>.<\/p>\n<p style=\"text-align: left;\">Impulsada por el Aula Miguel Hern\u00e1ndez, el Pleno del Ayuntamiento de Cartagena, de 24 de noviembre de 2016, aprob\u00f3 por unanimidad una moci\u00f3n por la que se declar\u00f3 a Cartagena <em>Ciudad Hernandiana<\/em>, implicando definitivamente al Municipio en la proyecci\u00f3n cultural del poeta.<\/p>\n","protected":false},"excerpt":{"rendered":"<p>Cumpliendo con las alianzas que el Centro mantiene con otras Instituciones, y dentro de su apuesta por la Excelencia Educativa, el IES Ben Arab\u00ed convoca, por tercer a\u00f1o consecutivo, el Certamen Literario Aula Miguel Hern\u00e1ndez, conmemorando, en esta ocasi\u00f3n, el 75 aniversario del nacimiento del poeta el pr\u00f3ximo 28 de marzo. El prop\u00f3sito fundamental de [&hellip;]<\/p>\n","protected":false},"author":1,"featured_media":0,"comment_status":"closed","ping_status":"open","sticky":false,"template":"","format":"standard","meta":{"footnotes":""},"categories":[1],"tags":[],"class_list":["post-4949","post","type-post","status-publish","format-standard","hentry","category-sin-categoria"],"_links":{"self":[{"href":"https:\/\/www.benarabi.org\/index.php?rest_route=\/wp\/v2\/posts\/4949","targetHints":{"allow":["GET"]}}],"collection":[{"href":"https:\/\/www.benarabi.org\/index.php?rest_route=\/wp\/v2\/posts"}],"about":[{"href":"https:\/\/www.benarabi.org\/index.php?rest_route=\/wp\/v2\/types\/post"}],"author":[{"embeddable":true,"href":"https:\/\/www.benarabi.org\/index.php?rest_route=\/wp\/v2\/users\/1"}],"replies":[{"embeddable":true,"href":"https:\/\/www.benarabi.org\/index.php?rest_route=%2Fwp%2Fv2%2Fcomments&post=4949"}],"version-history":[{"count":3,"href":"https:\/\/www.benarabi.org\/index.php?rest_route=\/wp\/v2\/posts\/4949\/revisions"}],"predecessor-version":[{"id":4952,"href":"https:\/\/www.benarabi.org\/index.php?rest_route=\/wp\/v2\/posts\/4949\/revisions\/4952"}],"wp:attachment":[{"href":"https:\/\/www.benarabi.org\/index.php?rest_route=%2Fwp%2Fv2%2Fmedia&parent=4949"}],"wp:term":[{"taxonomy":"category","embeddable":true,"href":"https:\/\/www.benarabi.org\/index.php?rest_route=%2Fwp%2Fv2%2Fcategories&post=4949"},{"taxonomy":"post_tag","embeddable":true,"href":"https:\/\/www.benarabi.org\/index.php?rest_route=%2Fwp%2Fv2%2Ftags&post=4949"}],"curies":[{"name":"wp","href":"https:\/\/api.w.org\/{rel}","templated":true}]}}