{"id":4976,"date":"2017-03-13T16:55:22","date_gmt":"2017-03-13T15:55:22","guid":{"rendered":"http:\/\/www.benarabi.org\/?p=4976"},"modified":"2017-03-16T22:35:55","modified_gmt":"2017-03-16T21:35:55","slug":"el-ies-ben-arabi-comprometido-contra-el-bullying","status":"publish","type":"post","link":"https:\/\/www.benarabi.org\/?p=4976","title":{"rendered":"El IES. Ben Arabi, comprometido contra el bullying"},"content":{"rendered":"<p><strong><a href=\"http:\/\/www.benarabi.org\/wp-content\/uploads\/2017\/03\/No_Bullying_circle.gif\"><img loading=\"lazy\" decoding=\"async\" class=\"alignleft wp-image-4977 size-full\" src=\"http:\/\/www.benarabi.org\/wp-content\/uploads\/2017\/03\/No_Bullying_circle-e1489700137594.gif\" alt=\"\" width=\"150\" height=\"142\"><\/a>&nbsp; &nbsp; &nbsp; &nbsp; &nbsp;&nbsp;<\/strong>El IES Ben Arab\u00ed lanza una campa\u00f1a contra el acoso escolar para concienciar a toda la comunidad educativa sobre la necesidad de erradicar de las aulas este tipo de violencia.<\/p>\n<p>&nbsp;&nbsp; &nbsp;&nbsp;&nbsp;&nbsp;&nbsp;&nbsp; La iniciativa contempla medidas dirigidas a dotar de unas pautas de actuaci\u00f3n a alumnos, profesores y padres, y a trabajar con el alumnado la prevenci\u00f3n, detecci\u00f3n y eliminaci\u00f3n de cualquier situaci\u00f3n de acoso. Esta campa\u00f1a, adem\u00e1s de analizar la figura del agresor y de la victima, se centra en todos los dem\u00e1s compa\u00f1eros, testigos de estas pr\u00e1cticas, para que no miren hacia otro lado y planten cara o denuncien los casos que observen.<\/p>\n<p>Esta nueva campa\u00f1a se enmarca dentro del Programa de Educaci\u00f3n para la Salud, que, desde hace cuatro a\u00f1os, se viene desarrollando en el Centro con importantes logros, y se a\u00f1ade a la campa\u00f1a de reciclaje que se est\u00e1 llevando a cabo en el centro desde principio de curso.<\/p>\n<p>&nbsp;&nbsp;&nbsp;&nbsp;&nbsp;&nbsp;&nbsp;&nbsp;&nbsp; Si quieres ver los materiales elaborados, <a href=\"https:\/\/sites.google.com\/site\/benarabisalud\/home\/materiales\" target=\"_blank\">pincha aqu\u00ed.<\/a><\/p>\n<p><!--more--><\/p>\n<p>&nbsp;&nbsp; &nbsp;&nbsp;&nbsp;&nbsp; &nbsp;&nbsp;En primer lugar, se ha realizado una encuesta entre los alumnos de primero y segundo de la ESO para conocer su percepci\u00f3n general sobre el tema del acoso escolar, tanto en las aulas como en las redes sociales, y sobre la convivencia en el centro en particular.<\/p>\n<p>&nbsp;&nbsp; &nbsp;&nbsp;&nbsp;&nbsp;&nbsp;&nbsp; La campa\u00f1a tambi\u00e9n incluye la publicaci\u00f3n en la p\u00e1gina web de pautas de actuaci\u00f3n dirigidas a los diferentes sectores de la comunidad educativa implicados en el problema. En estas pautas se define qu\u00e9 se entiende por acoso y ciberacoso y se proponen actuaciones concretas para prevenirlo, detectarlo y detenerlo una vez que se produce.<\/p>\n<p>&nbsp;&nbsp; &nbsp;&nbsp;&nbsp;&nbsp;&nbsp;&nbsp; Todo esto se refuerza con la intervenci\u00f3n del profesorado a trav\u00e9s de las tutor\u00edas dedic\u00e1ndolas, no solo a explicar y comentar las pautas de actuaci\u00f3n cuando se produzcan situaciones de este tipo, si no tambi\u00e9n, y sobre todo, a concienciar al alumnado de la gravedad del bullying y a fomentar la empat\u00eda y la convivencia entre compa\u00f1eros tanto dentro como fuera del aula.&nbsp; Todo esto se complementar\u00e1 con la proyecci\u00f3n de un video procedente de la campa\u00f1a de Tele 5 \u201cSe buscan valientes\u201d&nbsp; y la realizaci\u00f3n de actividades relacionadas con los consejos explicados. Asimismo, se colocar\u00e1n por el centro esl\u00f3ganes dirigidos tanto a los que se sienten acosados como a los testigos.<\/p>\n","protected":false},"excerpt":{"rendered":"<p>&nbsp; &nbsp; &nbsp; &nbsp; &nbsp;&nbsp;El IES Ben Arab\u00ed lanza una campa\u00f1a contra el acoso escolar para concienciar a toda la comunidad educativa sobre la necesidad de erradicar de las aulas este tipo de violencia. &nbsp;&nbsp; &nbsp;&nbsp;&nbsp;&nbsp;&nbsp;&nbsp; La iniciativa contempla medidas dirigidas a dotar de unas pautas de actuaci\u00f3n a alumnos, profesores y padres, y a [&hellip;]<\/p>\n","protected":false},"author":1,"featured_media":0,"comment_status":"closed","ping_status":"open","sticky":false,"template":"","format":"standard","meta":{"footnotes":""},"categories":[1],"tags":[],"class_list":["post-4976","post","type-post","status-publish","format-standard","hentry","category-sin-categoria"],"_links":{"self":[{"href":"https:\/\/www.benarabi.org\/index.php?rest_route=\/wp\/v2\/posts\/4976","targetHints":{"allow":["GET"]}}],"collection":[{"href":"https:\/\/www.benarabi.org\/index.php?rest_route=\/wp\/v2\/posts"}],"about":[{"href":"https:\/\/www.benarabi.org\/index.php?rest_route=\/wp\/v2\/types\/post"}],"author":[{"embeddable":true,"href":"https:\/\/www.benarabi.org\/index.php?rest_route=\/wp\/v2\/users\/1"}],"replies":[{"embeddable":true,"href":"https:\/\/www.benarabi.org\/index.php?rest_route=%2Fwp%2Fv2%2Fcomments&post=4976"}],"version-history":[{"count":3,"href":"https:\/\/www.benarabi.org\/index.php?rest_route=\/wp\/v2\/posts\/4976\/revisions"}],"predecessor-version":[{"id":4988,"href":"https:\/\/www.benarabi.org\/index.php?rest_route=\/wp\/v2\/posts\/4976\/revisions\/4988"}],"wp:attachment":[{"href":"https:\/\/www.benarabi.org\/index.php?rest_route=%2Fwp%2Fv2%2Fmedia&parent=4976"}],"wp:term":[{"taxonomy":"category","embeddable":true,"href":"https:\/\/www.benarabi.org\/index.php?rest_route=%2Fwp%2Fv2%2Fcategories&post=4976"},{"taxonomy":"post_tag","embeddable":true,"href":"https:\/\/www.benarabi.org\/index.php?rest_route=%2Fwp%2Fv2%2Ftags&post=4976"}],"curies":[{"name":"wp","href":"https:\/\/api.w.org\/{rel}","templated":true}]}}