{"id":4984,"date":"2017-03-16T22:34:25","date_gmt":"2017-03-16T21:34:25","guid":{"rendered":"http:\/\/www.benarabi.org\/?p=4984"},"modified":"2017-03-16T22:34:25","modified_gmt":"2017-03-16T21:34:25","slug":"el-ies-ben-arabi-convoca-la-xx-edicion-del-premio-jacinto-alcaraz-mellado","status":"publish","type":"post","link":"https:\/\/www.benarabi.org\/?p=4984","title":{"rendered":"El IES. Ben Arab\u00ed convoca la XX Edici\u00f3n del Premio Jacinto Alcaraz Mellado"},"content":{"rendered":"<p><a href=\"http:\/\/www.benarabi.org\/wp-content\/uploads\/2017\/03\/jacinto-alcaraz-cartel-2017.jpg\"><img loading=\"lazy\" decoding=\"async\" class=\"alignleft wp-image-4986 size-full\" src=\"http:\/\/www.benarabi.org\/wp-content\/uploads\/2017\/03\/jacinto-alcaraz-cartel-2017-e1489700051598.jpg\" alt=\"\" width=\"150\" height=\"210\"><\/a>Cualquier miembro de la comunidad educativa puede proponer a aquellas personas o instituciones que se hayan distinguido por su trabajo a favor de la <strong>solidaridad<\/strong>, la <strong>tolerancia <\/strong>y la <strong>convivencia<\/strong>. Las propuestas ser\u00e1n dentro del \u00e1mbito de la Regi\u00f3n de Murcia, a t\u00edtulo individual o colectivo.<\/p>\n<p>El plazo de presentaci\u00f3n de candidaturas comprende del <strong>1 de marzo al 26 de mayo de 2017.<\/strong><\/p>\n<p>Si quieres ver la informaci\u00f3n detallada del Premio, <a href=\"https:\/\/sites.google.com\/a\/murciaeduca.es\/premio-jacinto-alcaraz-mellado\/\">pincha aqu\u00ed.<\/a><\/p>\n<p>Si quieres ver las bases de la convocatoria, <a href=\"https:\/\/sites.google.com\/a\/murciaeduca.es\/premio-jacinto-alcaraz-mellado\/bases-premio\">pincha aqu\u00ed<\/a>.<\/p>\n","protected":false},"excerpt":{"rendered":"<p>Cualquier miembro de la comunidad educativa puede proponer a aquellas personas o instituciones que se hayan distinguido por su trabajo a favor de la solidaridad, la tolerancia y la convivencia. Las propuestas ser\u00e1n dentro del \u00e1mbito de la Regi\u00f3n de Murcia, a t\u00edtulo individual o colectivo. El plazo de presentaci\u00f3n de candidaturas comprende del 1 [&hellip;]<\/p>\n","protected":false},"author":1,"featured_media":0,"comment_status":"closed","ping_status":"open","sticky":false,"template":"","format":"standard","meta":{"footnotes":""},"categories":[1],"tags":[],"class_list":["post-4984","post","type-post","status-publish","format-standard","hentry","category-sin-categoria"],"_links":{"self":[{"href":"https:\/\/www.benarabi.org\/index.php?rest_route=\/wp\/v2\/posts\/4984","targetHints":{"allow":["GET"]}}],"collection":[{"href":"https:\/\/www.benarabi.org\/index.php?rest_route=\/wp\/v2\/posts"}],"about":[{"href":"https:\/\/www.benarabi.org\/index.php?rest_route=\/wp\/v2\/types\/post"}],"author":[{"embeddable":true,"href":"https:\/\/www.benarabi.org\/index.php?rest_route=\/wp\/v2\/users\/1"}],"replies":[{"embeddable":true,"href":"https:\/\/www.benarabi.org\/index.php?rest_route=%2Fwp%2Fv2%2Fcomments&post=4984"}],"version-history":[{"count":1,"href":"https:\/\/www.benarabi.org\/index.php?rest_route=\/wp\/v2\/posts\/4984\/revisions"}],"predecessor-version":[{"id":4987,"href":"https:\/\/www.benarabi.org\/index.php?rest_route=\/wp\/v2\/posts\/4984\/revisions\/4987"}],"wp:attachment":[{"href":"https:\/\/www.benarabi.org\/index.php?rest_route=%2Fwp%2Fv2%2Fmedia&parent=4984"}],"wp:term":[{"taxonomy":"category","embeddable":true,"href":"https:\/\/www.benarabi.org\/index.php?rest_route=%2Fwp%2Fv2%2Fcategories&post=4984"},{"taxonomy":"post_tag","embeddable":true,"href":"https:\/\/www.benarabi.org\/index.php?rest_route=%2Fwp%2Fv2%2Ftags&post=4984"}],"curies":[{"name":"wp","href":"https:\/\/api.w.org\/{rel}","templated":true}]}}